{"id":21474,"date":"2016-02-12T15:05:56","date_gmt":"2016-02-12T21:05:56","guid":{"rendered":"https:\/\/radiowebmx.com\/nota\/?p=21474"},"modified":"2016-02-12T15:05:56","modified_gmt":"2016-02-12T21:05:56","slug":"michoacan-ejemplo-nacional-por-resultados-en-disminucion-de-indices-delictivos","status":"publish","type":"post","link":"https:\/\/radiowebmx.com\/nota\/michoacan-ejemplo-nacional-por-resultados-en-disminucion-de-indices-delictivos\/","title":{"rendered":"Michoac\u00e1n, ejemplo nacional por resultados en disminuci\u00f3n de \u00edndices delictivos"},"content":{"rendered":"<p><a href=\"https:\/\/radiowebmx.com\/nota\/wp-content\/uploads\/2016\/02\/1fa98610-b31d-41ea-87c8-4d2faf0d9fc1.jpg\"><img loading=\"lazy\" decoding=\"async\" class=\"alignleft size-full wp-image-21475\" src=\"https:\/\/radiowebmx.com\/nota\/wp-content\/uploads\/2016\/02\/1fa98610-b31d-41ea-87c8-4d2faf0d9fc1.jpg\" alt=\"1fa98610-b31d-41ea-87c8-4d2faf0d9fc1\" width=\"591\" height=\"393\" srcset=\"https:\/\/radiowebmx.com\/nota\/wp-content\/uploads\/2016\/02\/1fa98610-b31d-41ea-87c8-4d2faf0d9fc1.jpg 591w, https:\/\/radiowebmx.com\/nota\/wp-content\/uploads\/2016\/02\/1fa98610-b31d-41ea-87c8-4d2faf0d9fc1-300x199.jpg 300w\" sizes=\"auto, (max-width: 591px) 100vw, 591px\" \/><\/a>Gracias a los trabajos coordinados entre los diversos \u00f3rdenes de gobierno, Michoac\u00e1n hoy es un ejemplo nacional por los resultados obtenidos en la disminuci\u00f3n de los \u00edndices delictivos de los \u00faltimos meses, as\u00ed se dio a conocer en el marco de la gira de trabajo que sostuvo el Gobernador Constitucional, Silvano Aureoles Conejo en el municipio de L\u00e1zaro C\u00e1rdenas.<\/p>\n<p>Acompa\u00f1ado de autoridades federales, estatales y municipales, el jefe del Ejecutivo local asegur\u00f3 que uno de los temas fundamentales de su administraci\u00f3n radica en el tema de la prevenci\u00f3n del delito. &#8220;Los problemas de violencia y de inseguridad son una consecuencia del desajuste en el \u00e1mbito social y econ\u00f3mico y son una consecuencia del descuido&#8221; por lo que invit\u00f3 a la sociedad y gobierno a transformar la realidad social que enfrentan los ni\u00f1os y ni\u00f1as, sector de la sociedad que se ve mayormente perjudicado.<\/p>\n<p>En las instalaciones de la Casa Hogar &#8220;L\u00e1zaro C\u00e1rdenas del R\u00edo&#8221;, ubicado en la tenencia de Guacamayas, el jefe del Ejecutivo local aplaudi\u00f3 la determinaci\u00f3n para que el municipio de Zamora se integre al Programa Nacional para la Prevenci\u00f3n de la Violencia y la Delincuencia (Pronapred), por lo que, adem\u00e1s de este lugar, Michoac\u00e1n contar\u00e1 con Apatzing\u00e1n, Morelia, Uruapan y L\u00e1zaro C\u00e1rdenas en dicho esquema.<\/p>\n<p>En su oportunidad, la directora general de Coordinaci\u00f3n Intersecretarial de la Secretar\u00eda de Gobernaci\u00f3n, Eunice Rend\u00f3n C\u00e1rdenas, se\u00f1al\u00f3 que gracias a los trabajos coordinados entre autoridades, Michoac\u00e1n hoy es un ejemplo a nivel nacional por los resultados obtenidos en la disminuci\u00f3n de los \u00edndices delictivos. &#8220;En materia de inseguridad, pr\u00e1cticamente en todos los delitos est\u00e1n a la baja, sobre todo en temas sensibles como es el secuestro y la extorsi\u00f3n, problemas que en a\u00f1os anteriores eran muy latentes&#8221;.<\/p>\n<p>En este sentido, destac\u00f3 que uno de los municipios donde se ha visto los mejores resultados es en L\u00e1zaro C\u00e1rdenas donde alrededor del 90 por ciento ha disminuido la inseguridad, en espec\u00edfico, en el delito de extorsi\u00f3n.<\/p>\n<p>Explic\u00f3 que en ello tambi\u00e9n coadyuvan las acciones del Programa Nacional de Prevenci\u00f3n del Delito (Pronapred); &#8220;hay una visi\u00f3n dual de la seguridad, en donde por un lado tenemos la parte polic\u00edaca, de control y de armamento que sin duda es una importante, pero tambi\u00e9n hay una visi\u00f3n de ir a las causas sociales que generan los fen\u00f3menos de violencia y de delitos; es decir a la ra\u00edz de la violencia&#8221;.<\/p>\n<p>En esta actividad, Silvano Aureoles entreg\u00f3 equipamiento a la Casa Hogar &#8220;L\u00e1zaro C\u00e1rdenas del R\u00edo&#8221; por el orden de los 250 mil pesos, donde tambi\u00e9n constat\u00f3 los avances en los trabajos de rehabilitaci\u00f3n de este inmueble. El apoyo consisti\u00f3 en la entrega de sillas, colchones, bases, entre otros materiales, lo que beneficiar\u00e1 a los 29 menores que actualmente habitan en el lugar.<\/p>\n<p>En un segundo punto, inaugur\u00f3 la Unidad Deportiva &#8220;La Villita&#8221;, de la colonia del mismo nombre, trabajos que requirieron la inversi\u00f3n de un mill\u00f3n 300 mil pesos. Ah\u00ed el mandatario estatal manifest\u00f3 que con este tipo de proyectos quienes m\u00e1s se benefician son los j\u00f3venes, pues al realizar alg\u00fan tipo de deporte evitan involucrarse en actividades il\u00edcitas.<\/p>\n<p><strong>Para Michoac\u00e1n, 114 mdp de Empleo Temporal en 2016<\/strong><\/p>\n<p>Michoac\u00e1n no padecer\u00e1 del recorte de recursos federales del Programa de Empleo Temporal (PET) y este 2016 recibir\u00e1 114 millones de pesos de esta estrategia -la misma cantidad que el a\u00f1o pasado-, manifest\u00f3 el Gobernador Silvano Aureoles, durante la instalaci\u00f3n del Comit\u00e9 del PET de L\u00e1zaro C\u00e1rdenas.<\/p>\n<p>Tambi\u00e9n como parte de su gira de trabajo por este municipio porte\u00f1o, el mandatario fue testigo de la instalaci\u00f3n de este organismo ciudadano que estar\u00e1 al pendiente de integraci\u00f3n de las y los ciudadanos al PET, as\u00ed como de la aplicaci\u00f3n de los recursos, que en este ayuntamiento ascienden a un mill\u00f3n de pesos para acciones de mejoramiento de la imagen urbana.<\/p>\n<p>Eunice Rend\u00f3n C\u00e1rdenas, directora de Coordinaci\u00f3n Intersecretarial de la Segob y Gabriela Barajas Mart\u00ednez, coordinadora del Programa de Empleo Temporal, coincidieron en se\u00f1alar que esta estrategia tambi\u00e9n permite atender los pol\u00edgonos de prevenci\u00f3n social de la violencia y la delincuencia, e incluso, con la instalaci\u00f3n de este comit\u00e9 se integra a la tenencia de Guacamayas dentro de las \u00e1reas favorecidas.<\/p>\n<p>Al hacer uso de la palabra, el presidente municipal, Armando Carrillo Barrag\u00e1n,\u00a0 apunt\u00f3 que las diversas obras y proyectos entregados son producto de la coordinaci\u00f3n y suma de esfuerzo entre las autoridades.<\/p>\n<p>Es importante resaltar que el mandatario estatal se comprometi\u00f3 a continuar con los trabajos para edificar el Hospital Regional en un lugar m\u00e1s apto para que sea una infraestructura moderna; as\u00ed como la instalaci\u00f3n de una Universidad Polit\u00e9cnica y la creaci\u00f3n de un Centro Comunitario.<\/p>\n<p>A la gira de trabajo asistieron la secretaria de la Contralor\u00eda del Estado, Silvia Estrada Esquivel;\u00a0 la secretaria ejecutiva del Sistema Estatal de Seguridad P\u00fablica, Dolores de los \u00c1ngeles N\u00e1zares Jer\u00f3nimo; el delegado federal de la Segob, Florentino Coalla Pulido; el delegado de Sedesol, V\u00edctor Tapia Casta\u00f1eda; por mencionar algunos.<\/p>\n","protected":false},"excerpt":{"rendered":"<p>Gracias a los trabajos coordinados entre los diversos \u00f3rdenes de gobierno, Michoac\u00e1n hoy es un ejemplo nacional por los resultados obtenidos en la disminuci\u00f3n de los \u00edndices delictivos de los \u00faltimos meses, <\/p>\n","protected":false},"author":1,"featured_media":21475,"comment_status":"open","ping_status":"open","sticky":false,"template":"","format":"standard","meta":{"footnotes":""},"categories":[14,3],"tags":[],"class_list":["post-21474","post","type-post","status-publish","format-standard","has-post-thumbnail","hentry","category-destacadas","category-gobierno-del-estado-de-michoacan"],"_links":{"self":[{"href":"https:\/\/radiowebmx.com\/nota\/wp-json\/wp\/v2\/posts\/21474","targetHints":{"allow":["GET"]}}],"collection":[{"href":"https:\/\/radiowebmx.com\/nota\/wp-json\/wp\/v2\/posts"}],"about":[{"href":"https:\/\/radiowebmx.com\/nota\/wp-json\/wp\/v2\/types\/post"}],"author":[{"embeddable":true,"href":"https:\/\/radiowebmx.com\/nota\/wp-json\/wp\/v2\/users\/1"}],"replies":[{"embeddable":true,"href":"https:\/\/radiowebmx.com\/nota\/wp-json\/wp\/v2\/comments?post=21474"}],"version-history":[{"count":1,"href":"https:\/\/radiowebmx.com\/nota\/wp-json\/wp\/v2\/posts\/21474\/revisions"}],"predecessor-version":[{"id":21476,"href":"https:\/\/radiowebmx.com\/nota\/wp-json\/wp\/v2\/posts\/21474\/revisions\/21476"}],"wp:featuredmedia":[{"embeddable":true,"href":"https:\/\/radiowebmx.com\/nota\/wp-json\/wp\/v2\/media\/21475"}],"wp:attachment":[{"href":"https:\/\/radiowebmx.com\/nota\/wp-json\/wp\/v2\/media?parent=21474"}],"wp:term":[{"taxonomy":"category","embeddable":true,"href":"https:\/\/radiowebmx.com\/nota\/wp-json\/wp\/v2\/categories?post=21474"},{"taxonomy":"post_tag","embeddable":true,"href":"https:\/\/radiowebmx.com\/nota\/wp-json\/wp\/v2\/tags?post=21474"}],"curies":[{"name":"wp","href":"https:\/\/api.w.org\/{rel}","templated":true}]}}