{"id":21472,"date":"2016-02-12T14:58:08","date_gmt":"2016-02-12T20:58:08","guid":{"rendered":"https:\/\/radiowebmx.com\/nota\/?p=21472"},"modified":"2016-02-12T14:58:08","modified_gmt":"2016-02-12T20:58:08","slug":"15-y-16-de-febrero-dias-inhabiles-para-dependencias-y-entidades-de-la-administracion-publica-estatal-en-morelia","status":"publish","type":"post","link":"https:\/\/radiowebmx.com\/nota\/15-y-16-de-febrero-dias-inhabiles-para-dependencias-y-entidades-de-la-administracion-publica-estatal-en-morelia\/","title":{"rendered":"15 y 16 de febrero, d\u00edas inh\u00e1biles para dependencias y entidades de la administraci\u00f3n p\u00fablica estatal en Morelia"},"content":{"rendered":"<p>El Gobierno del Estado expidi\u00f3 el acuerdo administrativo que declara como d\u00edas inh\u00e1biles el 15 y el 16 de febrero de 2016 para las dependencias y entidades de la administraci\u00f3n p\u00fablica estatal con residencia en Morelia.<\/p>\n<p>El acuerdo administrativo est\u00e1 fundamentado en los art\u00edculos 47, 60 y 65 de la Constituci\u00f3n Pol\u00edtica del Estado de Michoac\u00e1n; 3, 5, 18 y 19 de la Ley Org\u00e1nica de la Administraci\u00f3n P\u00fablica del Estado; y 7 y 9 del C\u00f3digo de Justicia Administrativa del Estado.<\/p>\n<p>El acuerdo administrativo toma en consideraci\u00f3n que la Constituci\u00f3n Pol\u00edtica de los Estados Unidos Mexicanos, en su art\u00edculo 24, establece la libertad de convicciones \u00e9ticas, de conciencia y de religi\u00f3n, que incluye el derecho de participar, -individual o colectivamente, tanto en p\u00fablico como en privado- en las ceremonias, devociones o actos del culto respectivo, siempre que no constituyan un delito o falta penados por la ley.<\/p>\n<p>En observancia a dicho precepto y con el objetivo de materializar su aplicaci\u00f3n sustantiva, el Estado tiene la obligaci\u00f3n de garantizar la seguridad ciudadana en aquellos eventos masivos que se desarrollen colectivamente en espacios p\u00fablicos, emitiendo protocolos de contingencia y de seguridad vial, conforme a las disposiciones emitidas por las instancias correspondientes.<\/p>\n<p>Para preservar el orden y la paz p\u00fablica, el Ejecutivo del Estado cuenta con facultades para emitir acuerdos o protocolos que tiendan a salvaguardar dichos valores trascendentales para la sociedad.<\/p>\n<p>En virtud de ello y con motivo de la visita oficial del Jefe de Estado Vaticano a Morelia, el 16 de febrero de 2016, el Gobierno del Estado establecer\u00e1 una gesti\u00f3n integral de riesgos civiles, que atiendan cualquier contingencia social de manera adecuada, ordenada y oportuna, conforme los protocolos nacionales e internacionales en la materia.<\/p>\n<p>Durante su estad\u00eda en Morelia, el Papa Francisco realizar\u00e1 diversas actividades en espacios p\u00fablicos de la ciudad y realizar\u00e1 un recorrido por avenidas, lo que implica observar protocolos de seguridad y disposiciones de la Direcci\u00f3n de Protecci\u00f3n Civil del Estado, como despejar vialidades y evitar el tr\u00e1nsito ordinario en la capital del Estado, entre otras, con la finalidad de disminuir los eventuales riesgos a la poblaci\u00f3n civil, permitiendo el acceso y tr\u00e1nsito de ciudadanos del interior del Estado y de otras entidades del pa\u00eds, as\u00ed como visitantes extranjeros.<\/p>\n<p>Cabe destacar que las entidades administrativas del Ejecutivo del Estado que presten un servicio p\u00fablico indispensable para la poblaci\u00f3n, relativos a salvaguardar la vida, integridad y salud de la poblaci\u00f3n, as\u00ed como sus bienes, la infraestructura, la planta productiva y el medio ambiente, establecer\u00e1n guardias de personal de acuerdo a las disposiciones administrativas emitidas por los titulares de dichas dependencias.<\/p>\n<p>Para los contribuyentes con residencia en Morelia que tengan cr\u00e9ditos fiscales estatales con fecha de vencimiento los d\u00edas 15 y 16 de febrero de 2016, se considerar\u00e1 como fecha l\u00edmite de pago el 17 de febrero de 2016.<\/p>\n","protected":false},"excerpt":{"rendered":"<p>El Gobierno del Estado expidi\u00f3 el acuerdo administrativo que declara como d\u00edas inh\u00e1biles el 15 y el 16 de febrero de 2016 para las dependencias y entidades de la administraci\u00f3n p\u00fablica estatal con residencia en Morelia.<\/p>\n","protected":false},"author":1,"featured_media":0,"comment_status":"open","ping_status":"open","sticky":false,"template":"","format":"standard","meta":{"footnotes":""},"categories":[3],"tags":[],"class_list":["post-21472","post","type-post","status-publish","format-standard","hentry","category-gobierno-del-estado-de-michoacan"],"_links":{"self":[{"href":"https:\/\/radiowebmx.com\/nota\/wp-json\/wp\/v2\/posts\/21472","targetHints":{"allow":["GET"]}}],"collection":[{"href":"https:\/\/radiowebmx.com\/nota\/wp-json\/wp\/v2\/posts"}],"about":[{"href":"https:\/\/radiowebmx.com\/nota\/wp-json\/wp\/v2\/types\/post"}],"author":[{"embeddable":true,"href":"https:\/\/radiowebmx.com\/nota\/wp-json\/wp\/v2\/users\/1"}],"replies":[{"embeddable":true,"href":"https:\/\/radiowebmx.com\/nota\/wp-json\/wp\/v2\/comments?post=21472"}],"version-history":[{"count":1,"href":"https:\/\/radiowebmx.com\/nota\/wp-json\/wp\/v2\/posts\/21472\/revisions"}],"predecessor-version":[{"id":21473,"href":"https:\/\/radiowebmx.com\/nota\/wp-json\/wp\/v2\/posts\/21472\/revisions\/21473"}],"wp:attachment":[{"href":"https:\/\/radiowebmx.com\/nota\/wp-json\/wp\/v2\/media?parent=21472"}],"wp:term":[{"taxonomy":"category","embeddable":true,"href":"https:\/\/radiowebmx.com\/nota\/wp-json\/wp\/v2\/categories?post=21472"},{"taxonomy":"post_tag","embeddable":true,"href":"https:\/\/radiowebmx.com\/nota\/wp-json\/wp\/v2\/tags?post=21472"}],"curies":[{"name":"wp","href":"https:\/\/api.w.org\/{rel}","templated":true}]}}