{"id":21465,"date":"2016-02-11T14:12:39","date_gmt":"2016-02-11T20:12:39","guid":{"rendered":"https:\/\/radiowebmx.com\/nota\/?p=21465"},"modified":"2016-02-11T14:12:39","modified_gmt":"2016-02-11T20:12:39","slug":"propone-andrea-villanueva-plan-de-desarrollo-estatal-2016-2035","status":"publish","type":"post","link":"https:\/\/radiowebmx.com\/nota\/propone-andrea-villanueva-plan-de-desarrollo-estatal-2016-2035\/","title":{"rendered":"Propone Andrea Villanueva plan de desarrollo estatal 2016-2035"},"content":{"rendered":"<p><a href=\"https:\/\/radiowebmx.com\/nota\/wp-content\/uploads\/2016\/02\/Comunicado-090.-Propone-Andrea-Villanueva-plan-de-desarrollo-estatal-2016-2035.jpg\"><img loading=\"lazy\" decoding=\"async\" class=\"alignleft size-full wp-image-21467\" src=\"https:\/\/radiowebmx.com\/nota\/wp-content\/uploads\/2016\/02\/Comunicado-090.-Propone-Andrea-Villanueva-plan-de-desarrollo-estatal-2016-2035.jpg\" alt=\"Comunicado 090. Propone Andrea Villanueva plan de desarrollo estatal 2016-2035\" width=\"591\" height=\"394\" srcset=\"https:\/\/radiowebmx.com\/nota\/wp-content\/uploads\/2016\/02\/Comunicado-090.-Propone-Andrea-Villanueva-plan-de-desarrollo-estatal-2016-2035.jpg 591w, https:\/\/radiowebmx.com\/nota\/wp-content\/uploads\/2016\/02\/Comunicado-090.-Propone-Andrea-Villanueva-plan-de-desarrollo-estatal-2016-2035-300x200.jpg 300w\" sizes=\"auto, (max-width: 591px) 100vw, 591px\" \/><\/a>Al reconocer que a Michoac\u00e1n le ha faltado una planeaci\u00f3n estrat\u00e9gica de largo plazo para detonar su desarrollo econ\u00f3mico y social, la diputada panista Andrea Villanueva Cano presentar\u00e1 en la primera sesi\u00f3n ordinaria de este periodo legislativo, iniciativa de reforma a la Constituci\u00f3n Pol\u00edtica del Estado.<\/p>\n<p>Lo anterior con la finalidad de cristalizar uno de los compromisos que hizo con la ciudadan\u00eda durante campa\u00f1a, en donde asegur\u00f3 que su gesti\u00f3n legislativa estar\u00eda encaminada para que Michoac\u00e1n pueda dirigir su desarrollo hacia el progreso y el bienestar de sus habitantes.<\/p>\n<p>&nbsp;<\/p>\n<p>Por tal motivo, la propuesta de reforma al art\u00edculo 130 de la Constituci\u00f3n de Michoac\u00e1n pretende que el Estado y sus municipios organicen un sistema de planeaci\u00f3n estrat\u00e9gica para el desarrollo con visi\u00f3n 2016-2035, siendo \u00e9ste un instrumento que realmente impulse el desarrollo integral y sostenible de nuestra entidad.<\/p>\n<p>&nbsp;<\/p>\n<p>Como parte fundamental de esta construcci\u00f3n, explic\u00f3 Villanueva\u00a0 Cano, \u201cdeber\u00e1 convocarse a los sectores privado y social para que opinen y aporten sus ideas en la elaboraci\u00f3n de este Plan de Desarrollo, a fin de encontrar las principales fortalezas de cada una de las actividades econ\u00f3micas y cuyas posibilidades de crecimiento sean factibles en Michoac\u00e1n\u201d.<\/p>\n<p>&nbsp;<\/p>\n<p>Finalmente y a nombre de la bancada albiceleste, Andrea Villanueva asegur\u00f3 que todos los actores pol\u00edticos mantienen una preocupaci\u00f3n por las mismas problem\u00e1ticas del Estado, ante lo cual convoc\u00f3 a sociedad y gobierno para construir las herramientas necesarias que puedan dirigir los esfuerzos hacia el desarrollo y el progreso del estado.<\/p>\n<p>&nbsp;<\/p>\n<p>&nbsp;<\/p>\n","protected":false},"excerpt":{"rendered":"<p>Al reconocer que a Michoac\u00e1n le ha faltado una planeaci\u00f3n estrat\u00e9gica de largo plazo para detonar su desarrollo econ\u00f3mico y social, la diputada panista Andrea Villanueva Cano presentar\u00e1 en la primera sesi\u00f3n ordinaria de este periodo legislativo, iniciativa de reforma a la Constituci\u00f3n Pol\u00edtica del Estado.<\/p>\n","protected":false},"author":1,"featured_media":21467,"comment_status":"open","ping_status":"open","sticky":false,"template":"","format":"standard","meta":{"footnotes":""},"categories":[6,14],"tags":[],"class_list":["post-21465","post","type-post","status-publish","format-standard","has-post-thumbnail","hentry","category-congreso-del-estado","category-destacadas"],"_links":{"self":[{"href":"https:\/\/radiowebmx.com\/nota\/wp-json\/wp\/v2\/posts\/21465","targetHints":{"allow":["GET"]}}],"collection":[{"href":"https:\/\/radiowebmx.com\/nota\/wp-json\/wp\/v2\/posts"}],"about":[{"href":"https:\/\/radiowebmx.com\/nota\/wp-json\/wp\/v2\/types\/post"}],"author":[{"embeddable":true,"href":"https:\/\/radiowebmx.com\/nota\/wp-json\/wp\/v2\/users\/1"}],"replies":[{"embeddable":true,"href":"https:\/\/radiowebmx.com\/nota\/wp-json\/wp\/v2\/comments?post=21465"}],"version-history":[{"count":1,"href":"https:\/\/radiowebmx.com\/nota\/wp-json\/wp\/v2\/posts\/21465\/revisions"}],"predecessor-version":[{"id":21468,"href":"https:\/\/radiowebmx.com\/nota\/wp-json\/wp\/v2\/posts\/21465\/revisions\/21468"}],"wp:featuredmedia":[{"embeddable":true,"href":"https:\/\/radiowebmx.com\/nota\/wp-json\/wp\/v2\/media\/21467"}],"wp:attachment":[{"href":"https:\/\/radiowebmx.com\/nota\/wp-json\/wp\/v2\/media?parent=21465"}],"wp:term":[{"taxonomy":"category","embeddable":true,"href":"https:\/\/radiowebmx.com\/nota\/wp-json\/wp\/v2\/categories?post=21465"},{"taxonomy":"post_tag","embeddable":true,"href":"https:\/\/radiowebmx.com\/nota\/wp-json\/wp\/v2\/tags?post=21465"}],"curies":[{"name":"wp","href":"https:\/\/api.w.org\/{rel}","templated":true}]}}