{"id":21461,"date":"2016-02-11T11:35:33","date_gmt":"2016-02-11T17:35:33","guid":{"rendered":"https:\/\/radiowebmx.com\/nota\/?p=21461"},"modified":"2016-02-11T11:35:33","modified_gmt":"2016-02-11T17:35:33","slug":"emite-proteccion-civil-y-bomberos-municipales-recomendaciones-para-visita-del-papa","status":"publish","type":"post","link":"https:\/\/radiowebmx.com\/nota\/emite-proteccion-civil-y-bomberos-municipales-recomendaciones-para-visita-del-papa\/","title":{"rendered":"Emite Protecci\u00f3n Civil y Bomberos Municipales recomendaciones para visita del Papa"},"content":{"rendered":"<p><a href=\"https:\/\/radiowebmx.com\/nota\/wp-content\/uploads\/2016\/02\/187e3885-3f62-487b-b1f1-767fbe29666d.jpg\"><img loading=\"lazy\" decoding=\"async\" class=\"alignleft size-full wp-image-21462\" src=\"https:\/\/radiowebmx.com\/nota\/wp-content\/uploads\/2016\/02\/187e3885-3f62-487b-b1f1-767fbe29666d.jpg\" alt=\"187e3885-3f62-487b-b1f1-767fbe29666d\" width=\"591\" height=\"393\" srcset=\"https:\/\/radiowebmx.com\/nota\/wp-content\/uploads\/2016\/02\/187e3885-3f62-487b-b1f1-767fbe29666d.jpg 591w, https:\/\/radiowebmx.com\/nota\/wp-content\/uploads\/2016\/02\/187e3885-3f62-487b-b1f1-767fbe29666d-300x199.jpg 300w\" sizes=\"auto, (max-width: 591px) 100vw, 591px\" \/><\/a>Con el objetivo de que la poblaci\u00f3n tome medidas preventivas de seguridad durante la visita del papa Francisco a Morelia, a realizarse el pr\u00f3ximo 16 de febrero, Protecci\u00f3n Civil y Bomberos Municipales ha emitido a la poblaci\u00f3n una lista de recomendaciones y sugerencias a seguir con el fin de evitar accidentes, durante este evento.<\/p>\n<p>En este sentido, el coordinador de la dependencia, Eduardo Ram\u00edrez Canals pidi\u00f3 a la poblaci\u00f3n seguir las siguientes medidas: Llevar su identificaci\u00f3n con fotograf\u00eda, n\u00famero de tel\u00e9fono para emergencias, alergias a medicamentos y tipo de sangre; Ubicar las brigadas de primeros auxilios y puestos m\u00e9dicos m\u00e1s pr\u00f3ximos; Acordar un punto de reuni\u00f3n con familiares y amigos.<\/p>\n<p>Asimismo, se exhorta a la poblaci\u00f3n aplicarse protector solar en el rostro y portar gorra; vestir ropa ligera con colores claros y calzado c\u00f3modo, si la temperatura es baja abrigarse muy bien; Tomar agua en peque\u00f1os sorbos para evitar insolaci\u00f3n o deshidrataci\u00f3n; Durante el evento no utilizar banderas, sombrillas o botellas de vidrio; y no utilizar laser y seguir las indicaciones de las autoridades.<\/p>\n<p>Ram\u00edrez Canals destac\u00f3 que estas recomendaciones tienen el prop\u00f3sito de que los miles de asistentes a la ruta y eventos masivos del Papa en Morelia, disfruten el evento con orden y seguridad.<\/p>\n<p>Subray\u00f3 que las instrucciones del Presidente Municipal de Morelia, Alfonso Mart\u00ednez Alc\u00e1zar, a todo el personal de Protecci\u00f3n Civil y Bomberos Municipales, es mantenerse alerta para atender a la ciudadan\u00eda y resolver, en coordinaci\u00f3n con las dem\u00e1s instancias de seguridad, cualquier situaci\u00f3n que se presente.<\/p>\n","protected":false},"excerpt":{"rendered":"<p>Con el objetivo de que la poblaci\u00f3n tome medidas preventivas de seguridad durante la visita del papa Francisco a Morelia, a realizarse el pr\u00f3ximo 16 de febrero, Protecci\u00f3n Civil y Bomberos Municipales ha emitido a la poblaci\u00f3n una lista de recomendaciones y sugerencias a seguir con el fin de evitar accidentes, durante este evento. En [&hellip;]<\/p>\n","protected":false},"author":1,"featured_media":21462,"comment_status":"open","ping_status":"open","sticky":false,"template":"","format":"standard","meta":{"footnotes":""},"categories":[14,9],"tags":[],"class_list":["post-21461","post","type-post","status-publish","format-standard","has-post-thumbnail","hentry","category-destacadas","category-morelia"],"_links":{"self":[{"href":"https:\/\/radiowebmx.com\/nota\/wp-json\/wp\/v2\/posts\/21461","targetHints":{"allow":["GET"]}}],"collection":[{"href":"https:\/\/radiowebmx.com\/nota\/wp-json\/wp\/v2\/posts"}],"about":[{"href":"https:\/\/radiowebmx.com\/nota\/wp-json\/wp\/v2\/types\/post"}],"author":[{"embeddable":true,"href":"https:\/\/radiowebmx.com\/nota\/wp-json\/wp\/v2\/users\/1"}],"replies":[{"embeddable":true,"href":"https:\/\/radiowebmx.com\/nota\/wp-json\/wp\/v2\/comments?post=21461"}],"version-history":[{"count":1,"href":"https:\/\/radiowebmx.com\/nota\/wp-json\/wp\/v2\/posts\/21461\/revisions"}],"predecessor-version":[{"id":21463,"href":"https:\/\/radiowebmx.com\/nota\/wp-json\/wp\/v2\/posts\/21461\/revisions\/21463"}],"wp:featuredmedia":[{"embeddable":true,"href":"https:\/\/radiowebmx.com\/nota\/wp-json\/wp\/v2\/media\/21462"}],"wp:attachment":[{"href":"https:\/\/radiowebmx.com\/nota\/wp-json\/wp\/v2\/media?parent=21461"}],"wp:term":[{"taxonomy":"category","embeddable":true,"href":"https:\/\/radiowebmx.com\/nota\/wp-json\/wp\/v2\/categories?post=21461"},{"taxonomy":"post_tag","embeddable":true,"href":"https:\/\/radiowebmx.com\/nota\/wp-json\/wp\/v2\/tags?post=21461"}],"curies":[{"name":"wp","href":"https:\/\/api.w.org\/{rel}","templated":true}]}}