{"id":21455,"date":"2016-02-11T11:28:52","date_gmt":"2016-02-11T17:28:52","guid":{"rendered":"https:\/\/radiowebmx.com\/nota\/?p=21455"},"modified":"2016-02-11T11:28:52","modified_gmt":"2016-02-11T17:28:52","slug":"michoacan-entra-a-la-vanguardia-en-materia-de-justicia-silvano-aureoles","status":"publish","type":"post","link":"https:\/\/radiowebmx.com\/nota\/michoacan-entra-a-la-vanguardia-en-materia-de-justicia-silvano-aureoles\/","title":{"rendered":"Michoac\u00e1n entra a la vanguardia en materia de Justicia: Silvano Aureoles"},"content":{"rendered":"<p><a href=\"https:\/\/radiowebmx.com\/nota\/wp-content\/uploads\/2016\/02\/78195883-79f8-4455-bb90-6e0398f51e46.jpg\"><img loading=\"lazy\" decoding=\"async\" class=\"alignleft size-full wp-image-21456\" src=\"https:\/\/radiowebmx.com\/nota\/wp-content\/uploads\/2016\/02\/78195883-79f8-4455-bb90-6e0398f51e46.jpg\" alt=\"78195883-79f8-4455-bb90-6e0398f51e46\" width=\"591\" height=\"331\" srcset=\"https:\/\/radiowebmx.com\/nota\/wp-content\/uploads\/2016\/02\/78195883-79f8-4455-bb90-6e0398f51e46.jpg 591w, https:\/\/radiowebmx.com\/nota\/wp-content\/uploads\/2016\/02\/78195883-79f8-4455-bb90-6e0398f51e46-300x168.jpg 300w, https:\/\/radiowebmx.com\/nota\/wp-content\/uploads\/2016\/02\/78195883-79f8-4455-bb90-6e0398f51e46-284x158.jpg 284w, https:\/\/radiowebmx.com\/nota\/wp-content\/uploads\/2016\/02\/78195883-79f8-4455-bb90-6e0398f51e46-128x72.jpg 128w\" sizes=\"auto, (max-width: 591px) 100vw, 591px\" \/><\/a>Al hacer la declaratoria del inicio de vigencia del Sistema de Justicia Penal Acusatorio y Oral en la regi\u00f3n Zamora, el Gobernador del Estado, Silvano Aureoles Conejo, afirm\u00f3 que con ello Michoac\u00e1n entra a la vanguardia en materia de justicia.<\/p>\n<p>Acompa\u00f1ado de los representantes del Poder Legislativo y Judicial, as\u00ed como de la titular de la Secretar\u00eda\u00a0 T\u00e9cnica del Consejo de Coordinaci\u00f3n para la Implementaci\u00f3n del Sistema de Justicia Penal (SETEC), Mar\u00eda de los \u00c1ngeles Fromow Rangel, el mandatario se\u00f1al\u00f3 que con dicha acci\u00f3n en la entidad estamos listos para avanzar en esta nueva etapa y con ello proteger los derechos de las y los ciudadanos no solamente de la v\u00edctima sino tambi\u00e9n del acusado.<\/p>\n<p>Aureoles Conejo celebr\u00f3 que con la declaratoria en la regi\u00f3n Zamora en la que convergen ocho Distritos Judiciales, en la entidad se alcanza una cobertura del 86 por ciento de la implementaci\u00f3n del nuevo Sistema, quedando pendiente s\u00f3lo la regi\u00f3n de Apatzing\u00e1n y de L\u00e1zaro C\u00e1rdenas, con lo cual precis\u00f3 que se habr\u00e1 de cumplir en tiempo y forma el Decreto para que antes del 18 de junio del presente a\u00f1o quede debidamente implementada esta gran transformaci\u00f3n, de lo que se trata sostuvo, es de tener un proceso de justicia m\u00e1s transparente.<\/p>\n<p>Este d\u00eda, dijo, los representantes de los Poderes del Estado y las instituciones que tienen que ver con esta tarea son testigos del inicio de una nueva etapa para la justicia en Michoac\u00e1n, consolidando as\u00ed un Sistema de Justicia pronto, imparcial, expedito y sobre todo garante de los derechos humanos.<\/p>\n<p>En este marco, reconoci\u00f3 el apoyo de \u00c1ngeles Fromow para que en Michoac\u00e1n culmine de manera adecuada la implementaci\u00f3n del nuevo Sistema, que representa una transici\u00f3n fundamental para la protecci\u00f3n de los derechos humanos particularmente en la protecci\u00f3n de las v\u00edctimas, enfatiz\u00f3.<\/p>\n<p>El mandatario reiter\u00f3 que el Ejecutivo estatal dar\u00e1 acompa\u00f1amiento al Poder Judicial para que la culminaci\u00f3n de todo el proceso se lleve a cabo en los tiempos establecidos, por un lado con la transici\u00f3n del Sistema de Justicia y por el otro con la construcci\u00f3n de las instalaciones apropiadas, con la infraestructura acorde a las nuevas reglas que establece la Reforma.<\/p>\n<p>En este sentido celebr\u00f3 que tanto en Morelia como en P\u00e1tzcuaro ya se hayan realizado las inauguraciones correspondientes de los espacios que son necesarios para el Sistema, que apunt\u00f3 requiere de una labor coordinada de los tres \u00f3rdenes de gobierno y de los Poderes del Estado.<\/p>\n<p>Se\u00f1al\u00f3 que el Ejecutivo local est\u00e1 haciendo la parte que le corresponde sobre todo en materia de la capacitaci\u00f3n de los cuerpos de Seguridad, en virtud de la tarea fundamental que tendr\u00e1n en el nuevo Sistema los elementos de la polic\u00eda, en este rubro solicit\u00f3 a la secretaria T\u00e9cnica del Consejo, \u00c1ngeles Fromow, para que se fortalezca la capacitaci\u00f3n institucional en la entidad tanto para elementos policiales, como para jueces, juezas, magistrados\/as y para brindar informaci\u00f3n a la sociedad en general.<\/p>\n<p>Silvano Aureoles adelant\u00f3 que ma\u00f1ana se realizar\u00e1 el anuncio referente a la culminaci\u00f3n de los grupos llamados autodefensas, con lo cual se entrar\u00e1 a una nueva etapa donde solamente se tendr\u00e1 la Polic\u00eda de Michoac\u00e1n, al se\u00f1alar que la seguridad p\u00fablica de las y los ciudadanos es responsabilidad del Gobierno y se debe cumplir a cabalidad protegiendo los derechos humanos.<\/p>\n<p>\u201cSi damos este paso tan significativo de la mano con esta nueva etapa en materia de administraci\u00f3n y procuraci\u00f3n de justicia a Michoac\u00e1n lo pondremos en el lugar que le corresponde del cumplimiento de la ley, de cumplir y hacer cumplir la ley, del restablecimiento pleno del Estado de Derecho, la protecci\u00f3n de los derechos humanos y con ello transitar hacia una etapa de bienestar para todas y para todos\u201d.<\/p>\n<p>En su turno, la secretaria T\u00e9cnica del Consejo de Coordinaci\u00f3n para la Implementaci\u00f3n del Sistema, \u00c1ngeles Fromow, destac\u00f3 el que Michoac\u00e1n tenga ya el 86 por ciento de cobertura de este esquema que dijo, garantizar\u00e1 los derechos humanos en el \u00e1mbito penal.<\/p>\n<p>De igual forma reconoci\u00f3 el liderazgo del Gobernador, Silvano Aureoles, para que en la entidad se implemente el nuevo Sistema, as\u00ed como de las instancias que participan al referir que los avances son muchos y que el proceso no ha sido sencillo pues ha necesitado del esfuerzo y del compromiso de todos.<\/p>\n<p>La funcionaria indic\u00f3 que el tiempo para que se ponga en marcha el Sistema en su totalidad vence el pr\u00f3ximo 18 de junio, por lo que por instrucciones del secretario de Gobierno, Miguel \u00c1ngel Osorio Chong, existe el compromiso para que el Gobierno de la Rep\u00fablica brinde acompa\u00f1amiento a Michoac\u00e1n redoblando esfuerzos y generando alianzas \u00a0y sobre todo apoyar en las gestiones necesarias para que este acceso a la justicia igualitario y respetuoso del debido proceso y de los derechos humanos se implemente en tiempo.<\/p>\n<p>Por su parte, el presidente del Supremo Tribunal de Justicia del Estado, Juan Antonio Maga\u00f1a de la Mora, precis\u00f3 que con la declaratoria en la regi\u00f3n Zamora, inicia una etapa que forma parte de un profundo proceso de transformaci\u00f3n jur\u00eddica que no tiene paralelo en los \u00faltimos cien a\u00f1os en la entidad y en el pa\u00eds.<\/p>\n<p>Con esta acci\u00f3n indic\u00f3 que los ocho Distritos Judiciales comprendidos en dicha regi\u00f3n ser\u00e1n beneficiados con una justicia penal m\u00e1s \u00e1gil, din\u00e1mica y m\u00e1s trasparente; tambi\u00e9n hizo un reconocimiento al apoyo que el Poder Judicial ha recibido por parte del Gobernador, as\u00ed como de legisladores federales que trabajaron en la gesti\u00f3n de los recursos para la edificaci\u00f3n de la Ciudad Judicial.<\/p>\n<p>En tanto, el presidente de la Mesa Directiva del Congreso del Estado, Raymundo Arreola Ortega, indic\u00f3 que hoy se inicia una nueva forma de impartir la aplicaci\u00f3n de la ley. \u201cEsperamos permita el mejoramiento y la protecci\u00f3n del ciudadano que siempre deber\u00e1 tener la presunci\u00f3n de inocencia\u201d.<\/p>\n<p>Durante la gira de trabajo, el mandatario estatal, Silvano Aureoles, inaugur\u00f3 dos salas de Oralidad y devel\u00f3 una placa en la obra en construcci\u00f3n de la Ciudad Judicial que tendr\u00e1 una inversi\u00f3n total de 142 millones de pesos y que albergar\u00e1 el Centro de Justicia Oral, los Juzgados de Primera Instancia y Menores Tradicionales, as\u00ed como los Mecanismos Alternos de Soluci\u00f3n de Controversias.<\/p>\n<p>Cabe se\u00f1alar que en esta primera etapa se inaugur\u00f3 el Centro de Justicia Oral, que cuenta con dos Salas de Oralidad y las oficinas administrativas.<\/p>\n<p>Durante las diversas actividades tambi\u00e9n estuvo presente, el secretario de Gobierno, Adri\u00e1n L\u00f3pez Sol\u00eds; el general Jos\u00e9 Francisco Morales C\u00e1zares, comandante de la XXI Zona Militar; el secretario de Seguridad P\u00fablica, Antonio Bernal Bustamante; el alcalde de Zamora, Carlos Lugo God\u00ednez; diputados locales y federales, juezas, jueces, magistrados, delegados federales, integrantes de Barras de Abogados, representantes de organismos aut\u00f3nomos y de la sociedad civil.<\/p>\n","protected":false},"excerpt":{"rendered":"<p>Al hacer la declaratoria del inicio de vigencia del Sistema de Justicia Penal Acusatorio y Oral en la regi\u00f3n Zamora, el Gobernador del Estado, Silvano Aureoles Conejo, afirm\u00f3 que con ello Michoac\u00e1n entra a la vanguardia en materia de justicia.<\/p>\n","protected":false},"author":1,"featured_media":21456,"comment_status":"open","ping_status":"open","sticky":false,"template":"","format":"standard","meta":{"footnotes":""},"categories":[14,3],"tags":[],"class_list":["post-21455","post","type-post","status-publish","format-standard","has-post-thumbnail","hentry","category-destacadas","category-gobierno-del-estado-de-michoacan"],"_links":{"self":[{"href":"https:\/\/radiowebmx.com\/nota\/wp-json\/wp\/v2\/posts\/21455","targetHints":{"allow":["GET"]}}],"collection":[{"href":"https:\/\/radiowebmx.com\/nota\/wp-json\/wp\/v2\/posts"}],"about":[{"href":"https:\/\/radiowebmx.com\/nota\/wp-json\/wp\/v2\/types\/post"}],"author":[{"embeddable":true,"href":"https:\/\/radiowebmx.com\/nota\/wp-json\/wp\/v2\/users\/1"}],"replies":[{"embeddable":true,"href":"https:\/\/radiowebmx.com\/nota\/wp-json\/wp\/v2\/comments?post=21455"}],"version-history":[{"count":1,"href":"https:\/\/radiowebmx.com\/nota\/wp-json\/wp\/v2\/posts\/21455\/revisions"}],"predecessor-version":[{"id":21457,"href":"https:\/\/radiowebmx.com\/nota\/wp-json\/wp\/v2\/posts\/21455\/revisions\/21457"}],"wp:featuredmedia":[{"embeddable":true,"href":"https:\/\/radiowebmx.com\/nota\/wp-json\/wp\/v2\/media\/21456"}],"wp:attachment":[{"href":"https:\/\/radiowebmx.com\/nota\/wp-json\/wp\/v2\/media?parent=21455"}],"wp:term":[{"taxonomy":"category","embeddable":true,"href":"https:\/\/radiowebmx.com\/nota\/wp-json\/wp\/v2\/categories?post=21455"},{"taxonomy":"post_tag","embeddable":true,"href":"https:\/\/radiowebmx.com\/nota\/wp-json\/wp\/v2\/tags?post=21455"}],"curies":[{"name":"wp","href":"https:\/\/api.w.org\/{rel}","templated":true}]}}