{"id":21453,"date":"2016-02-11T11:27:14","date_gmt":"2016-02-11T17:27:14","guid":{"rendered":"https:\/\/radiowebmx.com\/nota\/?p=21453"},"modified":"2016-02-11T11:27:14","modified_gmt":"2016-02-11T17:27:14","slug":"por-instrucciones-del-presidente-municipal-alfonso-martinez-alcazar-la-secretaria-de-servicios-publicos-municipales-a-traves-de-la-direccion-de-mercados","status":"publish","type":"post","link":"https:\/\/radiowebmx.com\/nota\/por-instrucciones-del-presidente-municipal-alfonso-martinez-alcazar-la-secretaria-de-servicios-publicos-municipales-a-traves-de-la-direccion-de-mercados\/","title":{"rendered":"Por instrucciones del Presidente Municipal, Alfonso Mart\u00ednez Alc\u00e1zar, la Secretar\u00eda de Servicios P\u00fablicos Municipales, a trav\u00e9s de la Direcci\u00f3n de Mercados,"},"content":{"rendered":"<p>Con el fin de proteger los derechos de las y los consumidores, durante la visita de S.S. el Papa Francisco a nuestro pa\u00eds, la Procuradur\u00eda Federal del Consumidor (Profeco) llevar\u00e1 a cabo un programa de conciliaci\u00f3n, verificaci\u00f3n e informaci\u00f3n en establecimientos de venta y prestaci\u00f3n de servicios con mayor demanda con ese motivo.<\/p>\n<p>&nbsp;<\/p>\n<p>Rafael Ochoa Morales, encargado de despacho de la Profeco, detall\u00f3 que \u201c\u2026del 12 al 17 de febrero, personal de la dependencia trabajar\u00e1 en coordinaci\u00f3n con autoridades de los tres \u00f3rdenes de gobierno en Michoac\u00e1n, Chiapas, Estado de M\u00e9xico, Chihuahua y Ciudad de M\u00e9xico para llevar a cabo estas acciones y\u00a0 se mantiene comunicaci\u00f3n permanente con las c\u00e1maras,\u00a0 asociaciones y uniones de comerciantes en el pa\u00eds para exhortarlos a que sus agremiados eviten pr\u00e1cticas abusivas y proteger con mayor eficacia los derechos de las y los consumidores\u201d.<\/p>\n<p>&nbsp;<\/p>\n<p>Ochoa Morales abund\u00f3 que las acciones de verificaci\u00f3n ser\u00e1n focalizadas en agencias de viajes que ofrecen planes o paquetes en los estados sede de dichos eventos, en servicios relacionados con transporte y alojamiento; como l\u00edneas camioneras, a\u00e9reas y hoteles.<\/p>\n<p>&nbsp;<\/p>\n<p>&nbsp;<\/p>\n<p>&nbsp;<\/p>\n<p>&nbsp;<\/p>\n<p>&nbsp;<\/p>\n<p>Asimismo, inform\u00f3, en las inmediaciones de los sitios donde se realizar\u00e1n las visitas del Papa, se instalar\u00e1n m\u00f3dulos para la atenci\u00f3n de denuncias y orientaci\u00f3n de consumidores; y se promover\u00e1 la colocaci\u00f3n de preciadores.<\/p>\n<p>&nbsp;<\/p>\n<p>Profeco reitera que para denunciar cualquier abuso de proveedores, asesor\u00eda o consulta tambi\u00e9n se cuenta con el Tel\u00e9fono del Consumidor <strong>5568-8722<\/strong> en el Distrito Federal y su \u00c1rea Metropolitana y el <strong>01-800-468-8722<\/strong> del interior de la Rep\u00fablica, as\u00ed como atenci\u00f3n en l\u00ednea a trav\u00e9s de la p\u00e1gina <a href=\"http:\/\/telefonodelconsumidor.gob.mx\/\">http:\/\/telefonodelconsumidor.gob.mx<\/a>, el correo <a href=\"mailto:asesoria@profeco.gob.mx\">asesoria@profeco.gob.mx<\/a> o por twitter en @Profeco.<\/p>\n","protected":false},"excerpt":{"rendered":"<p>Con el fin de proteger los derechos de las y los consumidores, durante la visita de S.S. el Papa Francisco a nuestro pa\u00eds, la Profeco llevar\u00e1 a cabo un programa de conciliaci\u00f3n,<\/p>\n","protected":false},"author":1,"featured_media":0,"comment_status":"open","ping_status":"open","sticky":false,"template":"","format":"standard","meta":{"footnotes":""},"categories":[14],"tags":[],"class_list":["post-21453","post","type-post","status-publish","format-standard","hentry","category-destacadas"],"_links":{"self":[{"href":"https:\/\/radiowebmx.com\/nota\/wp-json\/wp\/v2\/posts\/21453","targetHints":{"allow":["GET"]}}],"collection":[{"href":"https:\/\/radiowebmx.com\/nota\/wp-json\/wp\/v2\/posts"}],"about":[{"href":"https:\/\/radiowebmx.com\/nota\/wp-json\/wp\/v2\/types\/post"}],"author":[{"embeddable":true,"href":"https:\/\/radiowebmx.com\/nota\/wp-json\/wp\/v2\/users\/1"}],"replies":[{"embeddable":true,"href":"https:\/\/radiowebmx.com\/nota\/wp-json\/wp\/v2\/comments?post=21453"}],"version-history":[{"count":1,"href":"https:\/\/radiowebmx.com\/nota\/wp-json\/wp\/v2\/posts\/21453\/revisions"}],"predecessor-version":[{"id":21454,"href":"https:\/\/radiowebmx.com\/nota\/wp-json\/wp\/v2\/posts\/21453\/revisions\/21454"}],"wp:attachment":[{"href":"https:\/\/radiowebmx.com\/nota\/wp-json\/wp\/v2\/media?parent=21453"}],"wp:term":[{"taxonomy":"category","embeddable":true,"href":"https:\/\/radiowebmx.com\/nota\/wp-json\/wp\/v2\/categories?post=21453"},{"taxonomy":"post_tag","embeddable":true,"href":"https:\/\/radiowebmx.com\/nota\/wp-json\/wp\/v2\/tags?post=21453"}],"curies":[{"name":"wp","href":"https:\/\/api.w.org\/{rel}","templated":true}]}}