{"id":21447,"date":"2016-02-11T11:15:01","date_gmt":"2016-02-11T17:15:01","guid":{"rendered":"https:\/\/radiowebmx.com\/nota\/?p=21447"},"modified":"2016-02-11T11:15:01","modified_gmt":"2016-02-11T17:15:01","slug":"recibe-paola-delgadillo-de-martinez-la-vajilla-en-la-que-almorzara-el-papa","status":"publish","type":"post","link":"https:\/\/radiowebmx.com\/nota\/recibe-paola-delgadillo-de-martinez-la-vajilla-en-la-que-almorzara-el-papa\/","title":{"rendered":"Recibe Paola Delgadillo de Mart\u00ednez la vajilla en la que almorzar\u00e1 el Papa"},"content":{"rendered":"<p><a href=\"https:\/\/radiowebmx.com\/nota\/wp-content\/uploads\/2016\/02\/154e01d7-10d4-4350-9eab-5dbf3865d638.jpg\"><img loading=\"lazy\" decoding=\"async\" class=\"alignleft size-full wp-image-21448\" src=\"https:\/\/radiowebmx.com\/nota\/wp-content\/uploads\/2016\/02\/154e01d7-10d4-4350-9eab-5dbf3865d638.jpg\" alt=\"154e01d7-10d4-4350-9eab-5dbf3865d638\" width=\"591\" height=\"357\" srcset=\"https:\/\/radiowebmx.com\/nota\/wp-content\/uploads\/2016\/02\/154e01d7-10d4-4350-9eab-5dbf3865d638.jpg 591w, https:\/\/radiowebmx.com\/nota\/wp-content\/uploads\/2016\/02\/154e01d7-10d4-4350-9eab-5dbf3865d638-300x181.jpg 300w\" sizes=\"auto, (max-width: 591px) 100vw, 591px\" \/><\/a>El Ayuntamiento de Morelia, a trav\u00e9s de la presidenta Honoraria del DIF Municipal, Paola Delgadillo de Mart\u00ednez, asumi\u00f3 la organizaci\u00f3n de la comida que tendr\u00e1 el Papa Francisco durante su visita a Morelia el pr\u00f3ximo 16 de febrero, para lo cual se recibi\u00f3 una vajilla que fue elaborada artesanalmente en la comunidad de Capula.<\/p>\n<p>La vajilla de barro fue elaborada por la familia Ventura, quienes se dedican a la alfarer\u00eda tradicional en Capula y consta de 420 piezas, distribuidas en 60 juegos, en los que se servir\u00e1n varios platillos elaborados con ingredientes propios de la regi\u00f3n por un chef local.<\/p>\n<p>\u201cCreemos que es un trabajo creativo, muy bonito y que involucra a toda la familia de artesanos, nosotros tratamos de involucrar a la mayor cantidad de artesanos posible en este trabajo, porque lo que queremos es que m\u00e1s gente forme parte de este evento\u201d, afirm\u00f3 Delgadillo de Mart\u00ednez.<\/p>\n<p>El dise\u00f1o de la vajilla fue elegido por el Cardenal, Alberto Su\u00e1rez Inda para el evento, en el que almorzar\u00e1 el pont\u00edfice junto con 40 comensales que conforman el s\u00e9quito del Papa y obispos invitados.<\/p>\n<p>El trabajo se hizo con t\u00e9cnicas tradicionales de alfarer\u00eda en barro cocido a alta temperatura, pintado y esmaltado a mano, para lo cual participaron cerca de 15 personas en todo el proceso.<\/p>\n<p>\u201cLo que buscamos es que fuera algo representativo de Morelia, hecho por artesanos locales para que est\u00e9 presente en este evento hist\u00f3rico, porque adem\u00e1s es una gran oportunidad de promover su producto\u201d, concluy\u00f3 Delgadillo de Mart\u00ednez.<\/p>\n","protected":false},"excerpt":{"rendered":"<p>El Ayuntamiento de Morelia, a trav\u00e9s de la presidenta Honoraria del DIF Municipal, Paola Delgadillo de Mart\u00ednez,<\/p>\n","protected":false},"author":1,"featured_media":21448,"comment_status":"open","ping_status":"open","sticky":false,"template":"","format":"standard","meta":{"footnotes":""},"categories":[14,3],"tags":[],"class_list":["post-21447","post","type-post","status-publish","format-standard","has-post-thumbnail","hentry","category-destacadas","category-gobierno-del-estado-de-michoacan"],"_links":{"self":[{"href":"https:\/\/radiowebmx.com\/nota\/wp-json\/wp\/v2\/posts\/21447","targetHints":{"allow":["GET"]}}],"collection":[{"href":"https:\/\/radiowebmx.com\/nota\/wp-json\/wp\/v2\/posts"}],"about":[{"href":"https:\/\/radiowebmx.com\/nota\/wp-json\/wp\/v2\/types\/post"}],"author":[{"embeddable":true,"href":"https:\/\/radiowebmx.com\/nota\/wp-json\/wp\/v2\/users\/1"}],"replies":[{"embeddable":true,"href":"https:\/\/radiowebmx.com\/nota\/wp-json\/wp\/v2\/comments?post=21447"}],"version-history":[{"count":1,"href":"https:\/\/radiowebmx.com\/nota\/wp-json\/wp\/v2\/posts\/21447\/revisions"}],"predecessor-version":[{"id":21449,"href":"https:\/\/radiowebmx.com\/nota\/wp-json\/wp\/v2\/posts\/21447\/revisions\/21449"}],"wp:featuredmedia":[{"embeddable":true,"href":"https:\/\/radiowebmx.com\/nota\/wp-json\/wp\/v2\/media\/21448"}],"wp:attachment":[{"href":"https:\/\/radiowebmx.com\/nota\/wp-json\/wp\/v2\/media?parent=21447"}],"wp:term":[{"taxonomy":"category","embeddable":true,"href":"https:\/\/radiowebmx.com\/nota\/wp-json\/wp\/v2\/categories?post=21447"},{"taxonomy":"post_tag","embeddable":true,"href":"https:\/\/radiowebmx.com\/nota\/wp-json\/wp\/v2\/tags?post=21447"}],"curies":[{"name":"wp","href":"https:\/\/api.w.org\/{rel}","templated":true}]}}