{"id":21444,"date":"2016-02-11T11:07:25","date_gmt":"2016-02-11T17:07:25","guid":{"rendered":"https:\/\/radiowebmx.com\/nota\/?p=21444"},"modified":"2016-02-11T11:07:25","modified_gmt":"2016-02-11T17:07:25","slug":"see-y-secoem-promoveran-observatorios-estudiantiles","status":"publish","type":"post","link":"https:\/\/radiowebmx.com\/nota\/see-y-secoem-promoveran-observatorios-estudiantiles\/","title":{"rendered":"SEE y Secoem promover\u00e1n observatorios estudiantiles"},"content":{"rendered":"<p><a href=\"https:\/\/radiowebmx.com\/nota\/wp-content\/uploads\/2016\/02\/7582043c-b96d-44d4-ab02-12a7415e4005.jpg\"><img loading=\"lazy\" decoding=\"async\" class=\"alignleft size-full wp-image-21445\" src=\"https:\/\/radiowebmx.com\/nota\/wp-content\/uploads\/2016\/02\/7582043c-b96d-44d4-ab02-12a7415e4005.jpg\" alt=\"7582043c-b96d-44d4-ab02-12a7415e4005\" width=\"591\" height=\"338\" srcset=\"https:\/\/radiowebmx.com\/nota\/wp-content\/uploads\/2016\/02\/7582043c-b96d-44d4-ab02-12a7415e4005.jpg 591w, https:\/\/radiowebmx.com\/nota\/wp-content\/uploads\/2016\/02\/7582043c-b96d-44d4-ab02-12a7415e4005-300x172.jpg 300w, https:\/\/radiowebmx.com\/nota\/wp-content\/uploads\/2016\/02\/7582043c-b96d-44d4-ab02-12a7415e4005-128x72.jpg 128w\" sizes=\"auto, (max-width: 591px) 100vw, 591px\" \/><\/a>La Secretar\u00eda de Contralor\u00eda del Estado de Michoac\u00e1n (Secoem) sign\u00f3 convenio de colaboraci\u00f3n con la Secretar\u00eda de Educaci\u00f3n estatal, para promover la liberaci\u00f3n del Servicio Social de Pasantes, mediante la prestaci\u00f3n de servicios en tareas de Contralor\u00eda Social y a trav\u00e9s de Observatorios Estudiantiles, con la finalidad de unir esfuerzos para construir una cultura de participaci\u00f3n ciudadana activa y vigilante, de transparencia y rendici\u00f3n de cuentas.<\/p>\n<p>El acuerdo firmado en Palacio de Gobierno por parte de Silvia Estrada Esquivel, secretaria de Contralor\u00eda y de Silvia Figueroa Zamudio, secretaria de Educaci\u00f3n, est\u00e1 encaminado a realizar actividades conjuntas en que se involucre a ni\u00f1as, ni\u00f1os y j\u00f3venes, para inculcarles valores como la honestidad y la transparencia.<\/p>\n<p>En su mensaje, Silvia Estrada destac\u00f3 la importancia de la participaci\u00f3n de los j\u00f3venes, que interact\u00faen en vigilar, observar y formar parte de los primeros Observatorios Estudiantiles. Remarc\u00f3 que la transparencia y rendici\u00f3n de cuentas es eje rector en la administraci\u00f3n que encabeza el Gobernador Silvano Aureoles Conejo, por lo que se establece de manera s\u00f3lida la campa\u00f1a \u201cCero tolerancia a la corrupci\u00f3n y a la impunidad\u201d.<\/p>\n<p>\u201cQueremos que los j\u00f3venes se sientan orgullosos de ser parte del cambio que hoy comienza haciendo contralor\u00eda social, pues es una responsabilidad compartida. Ellos de manera directa nos ayudar\u00e1n en identificar y resolver los problemas que perciben con sus aportaciones eficientes y transparentes\u201d.<br \/>\nRefiri\u00f3 que la ciudadan\u00eda ser\u00e1 vigilante al igual que la Secoem, de revisar no s\u00f3lo el otorgamiento de los programas sociales sino la adecuada aplicaci\u00f3n de los recursos en las obras p\u00fablicas.<\/p>\n<p>En tanto, la responsable de la pol\u00edtica educativa de la entidad, Silvia Figueroa, se congratul\u00f3 por trabajar en equipo con la Secoem para coadyuvar en la formaci\u00f3n de la juventud michoacana provocando interacci\u00f3n, responsabilidad y habilidades sociales. &#8220;La firma de este acuerdo, se reflejar\u00e1 de manera inmediata en el ordenamiento de los recursos p\u00fablicos recibidos, promoviendo la pr\u00e1ctica de la transparencia y rendici\u00f3n de cuentas, sello de la administraci\u00f3n estatal que encabeza el Gobernador Silvano Aureoles&#8221;.<\/p>\n<p>Explic\u00f3 que el ordenamiento, revisi\u00f3n de cuentas y transparencia, son conceptos que en esta etapa del gobierno se han adquirido como compromisos, por lo que se debe educar a las nuevas generaciones en estos valores.<\/p>\n","protected":false},"excerpt":{"rendered":"<p>La Secoem sign\u00f3 convenio de colaboraci\u00f3n con la Secretar\u00eda de Educaci\u00f3n estatal, para promover la liberaci\u00f3n del Servicio Social de Pasantes, mediante la prestaci\u00f3n de servicios en tareas de Contralor\u00eda Social y a trav\u00e9s de Observatorios Estudiantiles, <\/p>\n","protected":false},"author":1,"featured_media":21445,"comment_status":"open","ping_status":"open","sticky":false,"template":"","format":"standard","meta":{"footnotes":""},"categories":[14,3],"tags":[],"class_list":["post-21444","post","type-post","status-publish","format-standard","has-post-thumbnail","hentry","category-destacadas","category-gobierno-del-estado-de-michoacan"],"_links":{"self":[{"href":"https:\/\/radiowebmx.com\/nota\/wp-json\/wp\/v2\/posts\/21444","targetHints":{"allow":["GET"]}}],"collection":[{"href":"https:\/\/radiowebmx.com\/nota\/wp-json\/wp\/v2\/posts"}],"about":[{"href":"https:\/\/radiowebmx.com\/nota\/wp-json\/wp\/v2\/types\/post"}],"author":[{"embeddable":true,"href":"https:\/\/radiowebmx.com\/nota\/wp-json\/wp\/v2\/users\/1"}],"replies":[{"embeddable":true,"href":"https:\/\/radiowebmx.com\/nota\/wp-json\/wp\/v2\/comments?post=21444"}],"version-history":[{"count":1,"href":"https:\/\/radiowebmx.com\/nota\/wp-json\/wp\/v2\/posts\/21444\/revisions"}],"predecessor-version":[{"id":21446,"href":"https:\/\/radiowebmx.com\/nota\/wp-json\/wp\/v2\/posts\/21444\/revisions\/21446"}],"wp:featuredmedia":[{"embeddable":true,"href":"https:\/\/radiowebmx.com\/nota\/wp-json\/wp\/v2\/media\/21445"}],"wp:attachment":[{"href":"https:\/\/radiowebmx.com\/nota\/wp-json\/wp\/v2\/media?parent=21444"}],"wp:term":[{"taxonomy":"category","embeddable":true,"href":"https:\/\/radiowebmx.com\/nota\/wp-json\/wp\/v2\/categories?post=21444"},{"taxonomy":"post_tag","embeddable":true,"href":"https:\/\/radiowebmx.com\/nota\/wp-json\/wp\/v2\/tags?post=21444"}],"curies":[{"name":"wp","href":"https:\/\/api.w.org\/{rel}","templated":true}]}}