{"id":21438,"date":"2016-02-11T10:37:00","date_gmt":"2016-02-11T16:37:00","guid":{"rendered":"https:\/\/radiowebmx.com\/nota\/?p=21438"},"modified":"2016-02-11T10:37:00","modified_gmt":"2016-02-11T16:37:00","slug":"llaves-de-la-ciudad-expondran-el-arte-y-talento-de-morelia-alfonso-martinez","status":"publish","type":"post","link":"https:\/\/radiowebmx.com\/nota\/llaves-de-la-ciudad-expondran-el-arte-y-talento-de-morelia-alfonso-martinez\/","title":{"rendered":"Llaves de la Ciudad, expondr\u00e1n el arte y talento de Morelia: Alfonso Mart\u00ednez"},"content":{"rendered":"<p><a href=\"https:\/\/radiowebmx.com\/nota\/wp-content\/uploads\/2016\/02\/350f6f8a-d81b-4f80-8018-bd43dd58cfac.jpg\"><img loading=\"lazy\" decoding=\"async\" class=\"alignleft size-full wp-image-21439\" src=\"https:\/\/radiowebmx.com\/nota\/wp-content\/uploads\/2016\/02\/350f6f8a-d81b-4f80-8018-bd43dd58cfac.jpg\" alt=\"350f6f8a-d81b-4f80-8018-bd43dd58cfac\" width=\"591\" height=\"393\" srcset=\"https:\/\/radiowebmx.com\/nota\/wp-content\/uploads\/2016\/02\/350f6f8a-d81b-4f80-8018-bd43dd58cfac.jpg 591w, https:\/\/radiowebmx.com\/nota\/wp-content\/uploads\/2016\/02\/350f6f8a-d81b-4f80-8018-bd43dd58cfac-300x199.jpg 300w\" sizes=\"auto, (max-width: 591px) 100vw, 591px\" \/><\/a>Para el Ayuntamiento de Morelia es fundamental que durante la visita del Papa Francisco a la capital del Estado, se exponga la cultura y las tradiciones del municipio y sus tenencias, para que el jerarca de la Iglesia Cat\u00f3lica lleve al Vaticano un pedacito de Morelia, as\u00ed lo se\u00f1al\u00f3 el Presidente Municipal, Alfonso Mart\u00ednez Alc\u00e1zar.<\/p>\n<p>Lo anterior fue se\u00f1alado durante su visita a la tenencia de Capula, en donde recibi\u00f3 de manos de Mauricio Mart\u00ednez Tavera, la Llave de la Ciudad que ser\u00e1 entregada al Papa, el pr\u00f3ximo 16 de febrero afuera de la Catedral Moreliana.<\/p>\n<p>Cabe resaltar que esta llave consta de una forma octagonal de barro y decorada con peces color plateado; mide aproximadamente 25 cent\u00edmetros y fue inspirada en al lago de P\u00e1tzcuaro y en la naturaleza que caracteriza no s\u00f3lo al municipio, sino a todo Michoac\u00e1n.<\/p>\n<p>Mauricio Mart\u00ednez, reconocido artesano de la regi\u00f3n, ha ganado premios por su trabajo en P\u00e1tzcuaro, Uruapan, Capula, Tlaquepaque, Tonal\u00e1, el Estado de M\u00e9xico, por mencionar solo algunos lugares en los que ha participado con su arte.<\/p>\n<p>En este sentido, Alfonso Mart\u00ednez Alc\u00e1zar reconoci\u00f3 la labor que realizan las familias de esta tenencia por preservar las tradiciones y la cultura de Morelia, la cual podr\u00e1 ser presumida a nivel internacional por el Papa Francisco.<\/p>\n<p>&#8220;Ahora podremos los morelianos presumir que una parte de Morelia, de esta familia en particular, estar\u00e1 en el Vaticano, para nosotros era muy importante que se resalte el arte que se plasma en las llaves de la ciudad, por lo que tendremos el orgullo de que esta pieza estar\u00e1 en el Vaticano&#8221;, subray\u00f3 el Presidente Municipal.<\/p>\n<p>Cabe se\u00f1alar que Mauricio Mart\u00ednez, junto con su esposa, asistir\u00e1n como invitados especiales al acto Solemne que se llevar\u00e1 a cabo para entregar la Llave de la Ciudad al Papa Francisco.<\/p>\n<p>Finalmente el Alcalde, Alfonso Mart\u00ednez entreg\u00f3 un reconocimiento a Mauricio Mart\u00ednez por la elaboraci\u00f3n de esta artesan\u00eda, quien se mostr\u00f3 agradecido con la oportunidad de realizar esta obra que ser\u00e1 vista por miles de mexicanos y de personas en el mundo, asimismo puntualiz\u00f3 que este es el trabajo m\u00e1s importante que le ha tocado realizar durante su larga carrera como artesano.<\/p>\n","protected":false},"excerpt":{"rendered":"<p>Para el Ayuntamiento de Morelia es fundamental que durante la visita del Papa Francisco a la capital del Estado,<\/p>\n","protected":false},"author":1,"featured_media":21439,"comment_status":"open","ping_status":"open","sticky":false,"template":"","format":"standard","meta":{"footnotes":""},"categories":[14,9],"tags":[],"class_list":["post-21438","post","type-post","status-publish","format-standard","has-post-thumbnail","hentry","category-destacadas","category-morelia"],"_links":{"self":[{"href":"https:\/\/radiowebmx.com\/nota\/wp-json\/wp\/v2\/posts\/21438","targetHints":{"allow":["GET"]}}],"collection":[{"href":"https:\/\/radiowebmx.com\/nota\/wp-json\/wp\/v2\/posts"}],"about":[{"href":"https:\/\/radiowebmx.com\/nota\/wp-json\/wp\/v2\/types\/post"}],"author":[{"embeddable":true,"href":"https:\/\/radiowebmx.com\/nota\/wp-json\/wp\/v2\/users\/1"}],"replies":[{"embeddable":true,"href":"https:\/\/radiowebmx.com\/nota\/wp-json\/wp\/v2\/comments?post=21438"}],"version-history":[{"count":1,"href":"https:\/\/radiowebmx.com\/nota\/wp-json\/wp\/v2\/posts\/21438\/revisions"}],"predecessor-version":[{"id":21440,"href":"https:\/\/radiowebmx.com\/nota\/wp-json\/wp\/v2\/posts\/21438\/revisions\/21440"}],"wp:featuredmedia":[{"embeddable":true,"href":"https:\/\/radiowebmx.com\/nota\/wp-json\/wp\/v2\/media\/21439"}],"wp:attachment":[{"href":"https:\/\/radiowebmx.com\/nota\/wp-json\/wp\/v2\/media?parent=21438"}],"wp:term":[{"taxonomy":"category","embeddable":true,"href":"https:\/\/radiowebmx.com\/nota\/wp-json\/wp\/v2\/categories?post=21438"},{"taxonomy":"post_tag","embeddable":true,"href":"https:\/\/radiowebmx.com\/nota\/wp-json\/wp\/v2\/tags?post=21438"}],"curies":[{"name":"wp","href":"https:\/\/api.w.org\/{rel}","templated":true}]}}