{"id":21433,"date":"2016-02-10T14:51:47","date_gmt":"2016-02-10T20:51:47","guid":{"rendered":"https:\/\/radiowebmx.com\/nota\/?p=21433"},"modified":"2016-02-10T14:51:47","modified_gmt":"2016-02-10T20:51:47","slug":"arranca-junta-municipal-de-reclutamiento-registro-para-tramitar-cartilla-militar","status":"publish","type":"post","link":"https:\/\/radiowebmx.com\/nota\/arranca-junta-municipal-de-reclutamiento-registro-para-tramitar-cartilla-militar\/","title":{"rendered":"Arranca Junta Municipal de Reclutamiento registro para tramitar Cartilla Militar"},"content":{"rendered":"<p><a href=\"https:\/\/radiowebmx.com\/nota\/wp-content\/uploads\/2016\/02\/9f5a01dd-7a32-4fc3-becc-14bee90c22de.jpg\"><img loading=\"lazy\" decoding=\"async\" class=\"alignleft size-full wp-image-21434\" src=\"https:\/\/radiowebmx.com\/nota\/wp-content\/uploads\/2016\/02\/9f5a01dd-7a32-4fc3-becc-14bee90c22de.jpg\" alt=\"9f5a01dd-7a32-4fc3-becc-14bee90c22de\" width=\"591\" height=\"282\" srcset=\"https:\/\/radiowebmx.com\/nota\/wp-content\/uploads\/2016\/02\/9f5a01dd-7a32-4fc3-becc-14bee90c22de.jpg 591w, https:\/\/radiowebmx.com\/nota\/wp-content\/uploads\/2016\/02\/9f5a01dd-7a32-4fc3-becc-14bee90c22de-300x143.jpg 300w\" sizes=\"auto, (max-width: 591px) 100vw, 591px\" \/><\/a>Siguiendo las instrucciones del Presidente Municipal de Morelia, Alfonso Mart\u00ednez Alc\u00e1zar de motivar e involucrar a la juventud para que cumplan con sus actividades c\u00edvicas y constitucionales, el secretario del Ayuntamiento, Jes\u00fas \u00c1valos Plata dio por inaugurado la ma\u00f1ana de este mi\u00e9rcoles el arranque oficial de recepci\u00f3n de documentos para tramitar la Cartilla Militar clase 1998 en las instalaciones de la Junta Municipal de Reclutamiento de Morelia.<\/p>\n<p>Acompa\u00f1ado del director de Gobierno Municipal, Iv\u00e1n Fernando Barrales Alcantara, Porfirio Alejandro Liborio Rojas, jefe de la Junta de Reclutamiento Municipal y de Ana Cristina Prado Mart\u00ednez directora del Instituto de la Juventud Moreliana, \u00c1valos Plata afirm\u00f3 que se espera el registro de 4 mil 300 j\u00f3venes este a\u00f1o de los cuales 600 ya han llevado a cabo su inscripci\u00f3n.<\/p>\n<p>Celebr\u00f3 que esta nueva generaci\u00f3n sea comprometida con su entorno, con sus familias y asimismo les pidi\u00f3 aprovechar su etapa de juventud para realizar actividades que fortalezcan sus posibilidades de convertirse en adultos de provecho.<\/p>\n<p>Por su parte, la directora del Instituto de la Juventud Moreliana, Ana Cristina Prado exhort\u00f3 a los j\u00f3venes a acercarse a la dependencia ante cualquier duda o b\u00fasqueda de apoyos y aprovechar los cursos recreativos y talleres de actividades f\u00edsicas, culturales y de oficios que \u00e9sta les ofrece con miras a emprender un oficio apoyados en los conocimientos que en estos talleres les impartan.<\/p>\n<p>Los documentos que se requieren para solicitar la Cartilla Militar son: acta de nacimiento (original y copia) actualizada, copia de comprobante de domicilio, copia del \u00faltimo comprobante de estudios realizados o que se est\u00e9 cursando, copia de CURP (ampliada y tama\u00f1o carta), cuatro fotograf\u00edas tama\u00f1o cartilla (35x45mm), de frente, a color o blanco y negro, fondo blanco, sin barba ni bigote, pelo corto, patilla corta, sin aretes u otros objetos colocados en el rostro mediante perforaciones, sin lentes, sin tocado y sin retoque, camisa blanca y lisa, corbata oscura (no instant\u00e1neas ni lisas) sin brillo ni retoque, en papel mate.<\/p>\n<p>Para mayores informes los interesados pueden acudir a las oficinas de la Junta de Reclutamiento Municipal ubicadas en la calle Ireticateme 971-B de la colonia F\u00e9lix Ireta, o comunicarse al tel\u00e9fono 324-89-62 en horario de las 9:00 a las 14:30 horas de lunes a viernes.<\/p>\n","protected":false},"excerpt":{"rendered":"<p>Siguiendo las instrucciones del Presidente Municipal de Morelia, Alfonso Mart\u00ednez Alc\u00e1zar de motivar e involucrar a la juventud para que cumplan con sus actividades c\u00edvicas y constitucionales, el secretario del Ayuntamiento,<\/p>\n","protected":false},"author":1,"featured_media":21434,"comment_status":"open","ping_status":"open","sticky":false,"template":"","format":"standard","meta":{"footnotes":""},"categories":[14,9],"tags":[],"class_list":["post-21433","post","type-post","status-publish","format-standard","has-post-thumbnail","hentry","category-destacadas","category-morelia"],"_links":{"self":[{"href":"https:\/\/radiowebmx.com\/nota\/wp-json\/wp\/v2\/posts\/21433","targetHints":{"allow":["GET"]}}],"collection":[{"href":"https:\/\/radiowebmx.com\/nota\/wp-json\/wp\/v2\/posts"}],"about":[{"href":"https:\/\/radiowebmx.com\/nota\/wp-json\/wp\/v2\/types\/post"}],"author":[{"embeddable":true,"href":"https:\/\/radiowebmx.com\/nota\/wp-json\/wp\/v2\/users\/1"}],"replies":[{"embeddable":true,"href":"https:\/\/radiowebmx.com\/nota\/wp-json\/wp\/v2\/comments?post=21433"}],"version-history":[{"count":1,"href":"https:\/\/radiowebmx.com\/nota\/wp-json\/wp\/v2\/posts\/21433\/revisions"}],"predecessor-version":[{"id":21435,"href":"https:\/\/radiowebmx.com\/nota\/wp-json\/wp\/v2\/posts\/21433\/revisions\/21435"}],"wp:featuredmedia":[{"embeddable":true,"href":"https:\/\/radiowebmx.com\/nota\/wp-json\/wp\/v2\/media\/21434"}],"wp:attachment":[{"href":"https:\/\/radiowebmx.com\/nota\/wp-json\/wp\/v2\/media?parent=21433"}],"wp:term":[{"taxonomy":"category","embeddable":true,"href":"https:\/\/radiowebmx.com\/nota\/wp-json\/wp\/v2\/categories?post=21433"},{"taxonomy":"post_tag","embeddable":true,"href":"https:\/\/radiowebmx.com\/nota\/wp-json\/wp\/v2\/tags?post=21433"}],"curies":[{"name":"wp","href":"https:\/\/api.w.org\/{rel}","templated":true}]}}