{"id":21426,"date":"2016-02-10T14:43:09","date_gmt":"2016-02-10T20:43:09","guid":{"rendered":"https:\/\/radiowebmx.com\/nota\/?p=21426"},"modified":"2016-02-10T14:43:09","modified_gmt":"2016-02-10T20:43:09","slug":"fundamental-la-participacion-social-para-transformar-a-michoacan","status":"publish","type":"post","link":"https:\/\/radiowebmx.com\/nota\/fundamental-la-participacion-social-para-transformar-a-michoacan\/","title":{"rendered":"Fundamental, la participaci\u00f3n social para transformar a Michoac\u00e1n"},"content":{"rendered":"<p><a href=\"https:\/\/radiowebmx.com\/nota\/wp-content\/uploads\/2016\/02\/483be7ee-b50b-4056-962c-fff711ead113.jpg\"><img loading=\"lazy\" decoding=\"async\" class=\"alignleft size-full wp-image-21427\" src=\"https:\/\/radiowebmx.com\/nota\/wp-content\/uploads\/2016\/02\/483be7ee-b50b-4056-962c-fff711ead113.jpg\" alt=\"483be7ee-b50b-4056-962c-fff711ead113\" width=\"591\" height=\"351\" srcset=\"https:\/\/radiowebmx.com\/nota\/wp-content\/uploads\/2016\/02\/483be7ee-b50b-4056-962c-fff711ead113.jpg 591w, https:\/\/radiowebmx.com\/nota\/wp-content\/uploads\/2016\/02\/483be7ee-b50b-4056-962c-fff711ead113-300x178.jpg 300w\" sizes=\"auto, (max-width: 591px) 100vw, 591px\" \/><\/a>La participaci\u00f3n activa de la ciudadan\u00eda y la suma de esfuerzos de todos los sectores de la sociedad\u00a0 har\u00e1n que en Michoac\u00e1n se garantice la estabilidad, la paz y el desarrollo econ\u00f3mico, resalt\u00f3 la titular de la Secretar\u00eda de Contralor\u00eda,\u00a0 Silvia Estrada Esquivel.<\/p>\n<p>Con la firma del Manifiesto del Pueblo Michoacano es el momento de participar activamente y de sumarse a favor de la entidad. El Gobernador de Michoac\u00e1n, Silvano Aureoles Conejo, impuls\u00f3 y suscribi\u00f3 un acuerdo por la paz, pidi\u00f3 a todos los sectores de la sociedad sumar esfuerzos para asumir la responsabilidad de promover y mantener la tranquilidad, unidad, reconciliaci\u00f3n, legalidad, respeto, orden y justicia social, destac\u00f3.<\/p>\n<p>Ante ello, dijo la contralora, &#8220;desde nuestra trinchera impulsaremos acciones comprometidas en favor y atenci\u00f3n de los ni\u00f1os y j\u00f3venes para fomentar los valores y la inclusi\u00f3n de los estudiantes en las acciones de gobierno&#8221;.<\/p>\n<p>En ese sentido, afirm\u00f3 que con los observatorios juveniles y los talleres por la honestidad y transparencia permitir\u00e1n comprender y entender lo que siente la juventud, as\u00ed como dise\u00f1ar y poner en marcha pol\u00edticas p\u00fablicas que establezcan mecanismos para que se capaciten, emprendan e impulsen un proyecto integral para Michoac\u00e1n.<\/p>\n<p>\u201cEs el tiempo de reconstruir y construir, es tiempo de que a trav\u00e9s de las contralor\u00edas sociales nos organicemos sociedad, iniciativa privada y la Secretar\u00eda de Contralor\u00eda para colaborar activamente sin importar las diferencias\u201d, apunt\u00f3 Estrada Esquivel.<\/p>\n<p>S\u00f3lo trabajando con los mecanismos de entendimiento y solidaridad, expuso, se puede construir la unidad necesaria para terminar con la exclusi\u00f3n social, para que haya cero tolerancia a la corrupci\u00f3n y a la impunidad en el estado, para mejorar la calidad de vida de las y los michoacanos.<\/p>\n<p>Indic\u00f3 que las plataformas de transparencia y de gobierno abierto ser\u00e1n punta de lanza para que la sociedad tenga acceso y conozcan sus derechos ciudadanos, y con ello propiciar el cumplimiento y sus obligaciones para conservar el orden y fortalecer la responsabilidad de cada individuo.<\/p>\n<p>\u201cEs un tiempo de trabajar unidos para garantizar condiciones de paz, esperanza y reconciliaci\u00f3n por el bien com\u00fan. El inter\u00e9s particular nunca debe estar por encima del inter\u00e9s general, para avanzar como entidad\u201d, subray\u00f3 Silvia Estrada.<\/p>\n<p>La encomienda del Jefe del Ejecutivo Estatal es impulsar esta etapa de armon\u00eda, para que Michoac\u00e1n sea conocido por su tranquilidad y su orden social, y por lo tanto, se detone la inversi\u00f3n y se generen empleos bien remunerados. \u201cPero necesitamos la voluntad y participaci\u00f3n ciudadana, y el compromiso de hacer las cosas con calidad desde cada una de nuestras trincheras\u201d, finaliz\u00f3 Estrada Esquivel.<br \/>\n<a href=\"http:\/\/gob.us11.list-manage.com\/track\/click?u=c3679d81029880892ab85d106&amp;id=c7b6ba9729&amp;e=c908f73b11\" target=\"_blank\">\u202a<\/a><\/p>\n","protected":false},"excerpt":{"rendered":"<p>La participaci\u00f3n activa de la ciudadan\u00eda y la suma de esfuerzos de todos los sectores de la sociedad  har\u00e1n que en Michoac\u00e1n se garantice la estabilidad, la paz y el desarrollo econ\u00f3mico, <\/p>\n","protected":false},"author":1,"featured_media":21427,"comment_status":"open","ping_status":"open","sticky":false,"template":"","format":"standard","meta":{"footnotes":""},"categories":[14,3],"tags":[],"class_list":["post-21426","post","type-post","status-publish","format-standard","has-post-thumbnail","hentry","category-destacadas","category-gobierno-del-estado-de-michoacan"],"_links":{"self":[{"href":"https:\/\/radiowebmx.com\/nota\/wp-json\/wp\/v2\/posts\/21426","targetHints":{"allow":["GET"]}}],"collection":[{"href":"https:\/\/radiowebmx.com\/nota\/wp-json\/wp\/v2\/posts"}],"about":[{"href":"https:\/\/radiowebmx.com\/nota\/wp-json\/wp\/v2\/types\/post"}],"author":[{"embeddable":true,"href":"https:\/\/radiowebmx.com\/nota\/wp-json\/wp\/v2\/users\/1"}],"replies":[{"embeddable":true,"href":"https:\/\/radiowebmx.com\/nota\/wp-json\/wp\/v2\/comments?post=21426"}],"version-history":[{"count":1,"href":"https:\/\/radiowebmx.com\/nota\/wp-json\/wp\/v2\/posts\/21426\/revisions"}],"predecessor-version":[{"id":21428,"href":"https:\/\/radiowebmx.com\/nota\/wp-json\/wp\/v2\/posts\/21426\/revisions\/21428"}],"wp:featuredmedia":[{"embeddable":true,"href":"https:\/\/radiowebmx.com\/nota\/wp-json\/wp\/v2\/media\/21427"}],"wp:attachment":[{"href":"https:\/\/radiowebmx.com\/nota\/wp-json\/wp\/v2\/media?parent=21426"}],"wp:term":[{"taxonomy":"category","embeddable":true,"href":"https:\/\/radiowebmx.com\/nota\/wp-json\/wp\/v2\/categories?post=21426"},{"taxonomy":"post_tag","embeddable":true,"href":"https:\/\/radiowebmx.com\/nota\/wp-json\/wp\/v2\/tags?post=21426"}],"curies":[{"name":"wp","href":"https:\/\/api.w.org\/{rel}","templated":true}]}}