{"id":21419,"date":"2016-02-10T14:30:31","date_gmt":"2016-02-10T20:30:31","guid":{"rendered":"https:\/\/radiowebmx.com\/nota\/?p=21419"},"modified":"2016-02-10T14:30:31","modified_gmt":"2016-02-10T20:30:31","slug":"trabaja-comision-de-servicios-publicos-del-ayuntamiento-para-mejorar-espacio-del-centro-de-atencion-animal","status":"publish","type":"post","link":"https:\/\/radiowebmx.com\/nota\/trabaja-comision-de-servicios-publicos-del-ayuntamiento-para-mejorar-espacio-del-centro-de-atencion-animal\/","title":{"rendered":"Trabaja Comisi\u00f3n de Servicios P\u00fablicos del Ayuntamiento para mejorar espacio del Centro de Atenci\u00f3n Animal"},"content":{"rendered":"<p><a href=\"https:\/\/radiowebmx.com\/nota\/wp-content\/uploads\/2016\/02\/da364c6b-5c04-4326-9e61-948d1aac82a7.jpg\"><img loading=\"lazy\" decoding=\"async\" class=\"alignleft size-full wp-image-21421\" src=\"https:\/\/radiowebmx.com\/nota\/wp-content\/uploads\/2016\/02\/da364c6b-5c04-4326-9e61-948d1aac82a7.jpg\" alt=\"da364c6b-5c04-4326-9e61-948d1aac82a7\" width=\"591\" height=\"291\" srcset=\"https:\/\/radiowebmx.com\/nota\/wp-content\/uploads\/2016\/02\/da364c6b-5c04-4326-9e61-948d1aac82a7.jpg 591w, https:\/\/radiowebmx.com\/nota\/wp-content\/uploads\/2016\/02\/da364c6b-5c04-4326-9e61-948d1aac82a7-300x148.jpg 300w\" sizes=\"auto, (max-width: 591px) 100vw, 591px\" \/><\/a>Con el objetivo de dignificar el trato a los animales que se encuentran en adopci\u00f3n y mejorar las condiciones del lugar en donde duermen, as\u00ed como los servicios de salud que se les provee, la comisi\u00f3n de Servicios P\u00fablicos del ayuntamiento de Morelia integrada por los regidores Alma Bahena Villalobos, Benjam\u00edn Farf\u00e1n Reyes, Katia Ortiz \u00c1vila y Osvaldo Ruiz Ram\u00edrez, sostuvo una reuni\u00f3n en la que se definieron las estrategias para trabajar en la remodelaci\u00f3n del Centro de Atenci\u00f3n Animal, anteriormente denominado Centro de Control Canino.<\/p>\n<p>Alma Bahena Villalobos, asegur\u00f3 que con esta iniciativa adem\u00e1s de dignificar el trato a los animales que se encuentran en adopci\u00f3n en el centro, tambi\u00e9n se mejorar\u00e1 el aspecto del mismo y se adecuar\u00e1n los espacios para beneficio de los visitantes.<\/p>\n<p>Sostuvo que con una peque\u00f1a inversi\u00f3n que podr\u00eda ser gestionada mediante patrocinios tanto en dinero como en especie, se garantizar\u00e1 una mayor higiene en el centro y a su vez un mejor trato a los animales.<\/p>\n<p>Agreg\u00f3 que con esta actividad no se tendr\u00e1 que modificar el reglamento del lugar, \u201cse trata de una iniciativa para mejorar la operatividad del centro, trabajaremos de la mano con el secretario de Servicios P\u00fablicos Municipales\u201d.<\/p>\n<p>Se espera que a este proyecto se de luz verde en los pr\u00f3ximos meses del presente a\u00f1o una vez que sean gestionados los patrocinios del presupuesto para la remodelaci\u00f3n.<\/p>\n<p>En la reuni\u00f3n estuvieron presentes los regidores Alma Bahena Villalobos y Benjam\u00edn Farf\u00e1n Reyes, el resto de los regidores de la Comisi\u00f3n se presentaron mediante representaci\u00f3n.<\/p>\n","protected":false},"excerpt":{"rendered":"<p>Con el objetivo de dignificar el trato a los animales que se encuentran en adopci\u00f3n y mejorar las condiciones del lugar en donde duermen, as\u00ed como los servicios de salud que se les provee,<\/p>\n","protected":false},"author":1,"featured_media":21421,"comment_status":"open","ping_status":"open","sticky":false,"template":"","format":"standard","meta":{"footnotes":""},"categories":[14,9],"tags":[],"class_list":["post-21419","post","type-post","status-publish","format-standard","has-post-thumbnail","hentry","category-destacadas","category-morelia"],"_links":{"self":[{"href":"https:\/\/radiowebmx.com\/nota\/wp-json\/wp\/v2\/posts\/21419","targetHints":{"allow":["GET"]}}],"collection":[{"href":"https:\/\/radiowebmx.com\/nota\/wp-json\/wp\/v2\/posts"}],"about":[{"href":"https:\/\/radiowebmx.com\/nota\/wp-json\/wp\/v2\/types\/post"}],"author":[{"embeddable":true,"href":"https:\/\/radiowebmx.com\/nota\/wp-json\/wp\/v2\/users\/1"}],"replies":[{"embeddable":true,"href":"https:\/\/radiowebmx.com\/nota\/wp-json\/wp\/v2\/comments?post=21419"}],"version-history":[{"count":1,"href":"https:\/\/radiowebmx.com\/nota\/wp-json\/wp\/v2\/posts\/21419\/revisions"}],"predecessor-version":[{"id":21422,"href":"https:\/\/radiowebmx.com\/nota\/wp-json\/wp\/v2\/posts\/21419\/revisions\/21422"}],"wp:featuredmedia":[{"embeddable":true,"href":"https:\/\/radiowebmx.com\/nota\/wp-json\/wp\/v2\/media\/21421"}],"wp:attachment":[{"href":"https:\/\/radiowebmx.com\/nota\/wp-json\/wp\/v2\/media?parent=21419"}],"wp:term":[{"taxonomy":"category","embeddable":true,"href":"https:\/\/radiowebmx.com\/nota\/wp-json\/wp\/v2\/categories?post=21419"},{"taxonomy":"post_tag","embeddable":true,"href":"https:\/\/radiowebmx.com\/nota\/wp-json\/wp\/v2\/tags?post=21419"}],"curies":[{"name":"wp","href":"https:\/\/api.w.org\/{rel}","templated":true}]}}