{"id":21416,"date":"2016-02-10T14:27:35","date_gmt":"2016-02-10T20:27:35","guid":{"rendered":"https:\/\/radiowebmx.com\/nota\/?p=21416"},"modified":"2016-02-10T14:28:12","modified_gmt":"2016-02-10T20:28:12","slug":"unidad-y-concordia-fundamental-para-detonar-el-desarrollo-antonio-soto","status":"publish","type":"post","link":"https:\/\/radiowebmx.com\/nota\/unidad-y-concordia-fundamental-para-detonar-el-desarrollo-antonio-soto\/","title":{"rendered":"Unidad y concordia, fundamental para detonar el desarrollo: Antonio Soto"},"content":{"rendered":"<p><a href=\"https:\/\/radiowebmx.com\/nota\/wp-content\/uploads\/2016\/02\/7ac7536a-e587-4686-8b5e-2d3394c24b4e.jpg\"><img loading=\"lazy\" decoding=\"async\" class=\"alignleft size-full wp-image-21417\" src=\"https:\/\/radiowebmx.com\/nota\/wp-content\/uploads\/2016\/02\/7ac7536a-e587-4686-8b5e-2d3394c24b4e.jpg\" alt=\"7ac7536a-e587-4686-8b5e-2d3394c24b4e\" width=\"591\" height=\"448\" srcset=\"https:\/\/radiowebmx.com\/nota\/wp-content\/uploads\/2016\/02\/7ac7536a-e587-4686-8b5e-2d3394c24b4e.jpg 591w, https:\/\/radiowebmx.com\/nota\/wp-content\/uploads\/2016\/02\/7ac7536a-e587-4686-8b5e-2d3394c24b4e-300x227.jpg 300w\" sizes=\"auto, (max-width: 591px) 100vw, 591px\" \/><\/a>\u201cCon la firma del Manifiesto del Pueblo Michoacano se busca que de manera interinstitucional se genere un esfuerzo extraordinario y unificado entre la sociedad, la iniciativa privada, los partidos pol\u00edticos, todos los \u00f3rdenes de gobierno y las organizaciones civiles, para sentar las bases que permitan una profunda labor de recomposici\u00f3n en todos los \u00e1mbitos, siempre respetando la soberan\u00eda estatal y contribuyendo a reforzar la institucionalidad del Estado\u201d, afirm\u00f3 el titular de la Secretar\u00eda de Desarrollo Econ\u00f3mico (Sedeco), Antonio Soto S\u00e1nchez.<\/p>\n<p>&nbsp;<\/p>\n<p>Destac\u00f3 el recibimiento que ha tenido el documento con el cual el Gobernador del Estado, Silvano Aureoles Conejo, busca continuar haciendo sinergia para promover la estabilidad y el bienestar de Michoac\u00e1n, considerada una de las entidades de la Rep\u00fablica m\u00e1s simb\u00f3licas, ya que posee enormes recursos naturales, culturales y humanos, as\u00ed como importantes\u00a0ventajas competitivas en diversos sectores de la econom\u00eda.<\/p>\n<p>&nbsp;<\/p>\n<p>Enfatiz\u00f3 que para detonar todo el potencial y alcanzar el desarrollo social y econ\u00f3mico de manera integral y sustentable, es imperativo que exista la concordia entre todos los sectores, ya que es la \u00fanica manera de garantizar que Michoac\u00e1n tenga un ambiente de tranquilidad con un correcto y permanente orden social que permita ofrecer las condiciones id\u00f3neas para la atracci\u00f3n de inversiones.<\/p>\n<p>&nbsp;<\/p>\n<p>\u201cEsta es una oportunidad fundamental para integrar los esfuerzos y las propuestas de todos los sectores p\u00fablicos y privados, de que cada uno tomemos nuestro lugar y responsabilidad para cumplirle a nuestro estado, para que de forma conjunta y coordinada tracemos\u00a0soluciones que permitan la recuperaci\u00f3n econ\u00f3mica de la entidad\u201d, agreg\u00f3 el secretario Soto S\u00e1nchez.<\/p>\n<p>&nbsp;<\/p>\n<p>Subray\u00f3 que mediante una pol\u00edtica de altura, con voluntad, vocaci\u00f3n de entendimiento y consenso transparente, se lograr\u00e1 impulsar un proyecto integral, incluyente y con grandes expectativas de crecimiento, donde al actor principal ser\u00e1n los habitantes del estado, quienes siempre se han distinguido por ser personas productivas y trabajadoras, con visi\u00f3n progresista y participativa para la transformaci\u00f3n positiva de su entorno.<\/p>\n<p>&nbsp;<\/p>\n<p>Por \u00faltimo, el responsable de la pol\u00edtica econ\u00f3mica de la entidad puntualiz\u00f3 que, de manera transversal, todas las dependencias gubernamentales impulsan acciones de pol\u00edtica social y econ\u00f3mica efectivas, a fin de garantizar el derecho fundamental de las personas a\u00a0 vivir en libertad, con dignidad y con las oportunidades para progresar de manera sustantiva.<\/p>\n","protected":false},"excerpt":{"rendered":"<p>\u201cCon la firma del Manifiesto del Pueblo Michoacano se busca que de manera interinstitucional se genere un esfuerzo extraordinario y unificado entre la sociedad, la iniciativa privada, <\/p>\n","protected":false},"author":1,"featured_media":21417,"comment_status":"open","ping_status":"open","sticky":false,"template":"","format":"standard","meta":{"footnotes":""},"categories":[14,3],"tags":[],"class_list":["post-21416","post","type-post","status-publish","format-standard","has-post-thumbnail","hentry","category-destacadas","category-gobierno-del-estado-de-michoacan"],"_links":{"self":[{"href":"https:\/\/radiowebmx.com\/nota\/wp-json\/wp\/v2\/posts\/21416","targetHints":{"allow":["GET"]}}],"collection":[{"href":"https:\/\/radiowebmx.com\/nota\/wp-json\/wp\/v2\/posts"}],"about":[{"href":"https:\/\/radiowebmx.com\/nota\/wp-json\/wp\/v2\/types\/post"}],"author":[{"embeddable":true,"href":"https:\/\/radiowebmx.com\/nota\/wp-json\/wp\/v2\/users\/1"}],"replies":[{"embeddable":true,"href":"https:\/\/radiowebmx.com\/nota\/wp-json\/wp\/v2\/comments?post=21416"}],"version-history":[{"count":1,"href":"https:\/\/radiowebmx.com\/nota\/wp-json\/wp\/v2\/posts\/21416\/revisions"}],"predecessor-version":[{"id":21418,"href":"https:\/\/radiowebmx.com\/nota\/wp-json\/wp\/v2\/posts\/21416\/revisions\/21418"}],"wp:featuredmedia":[{"embeddable":true,"href":"https:\/\/radiowebmx.com\/nota\/wp-json\/wp\/v2\/media\/21417"}],"wp:attachment":[{"href":"https:\/\/radiowebmx.com\/nota\/wp-json\/wp\/v2\/media?parent=21416"}],"wp:term":[{"taxonomy":"category","embeddable":true,"href":"https:\/\/radiowebmx.com\/nota\/wp-json\/wp\/v2\/categories?post=21416"},{"taxonomy":"post_tag","embeddable":true,"href":"https:\/\/radiowebmx.com\/nota\/wp-json\/wp\/v2\/tags?post=21416"}],"curies":[{"name":"wp","href":"https:\/\/api.w.org\/{rel}","templated":true}]}}