{"id":21413,"date":"2016-02-10T14:25:29","date_gmt":"2016-02-10T20:25:29","guid":{"rendered":"https:\/\/radiowebmx.com\/nota\/?p=21413"},"modified":"2016-02-10T14:25:29","modified_gmt":"2016-02-10T20:25:29","slug":"exhorta-alfonso-martinez-a-hoteleros-a-ser-los-mejores-anfitriones-turisticos","status":"publish","type":"post","link":"https:\/\/radiowebmx.com\/nota\/exhorta-alfonso-martinez-a-hoteleros-a-ser-los-mejores-anfitriones-turisticos\/","title":{"rendered":"Exhorta Alfonso Mart\u00ednez a hoteleros a ser los mejores anfitriones tur\u00edsticos"},"content":{"rendered":"<p>El Presidente Municipal de Morelia, Alfonso Mart\u00ednez Alc\u00e1zar exhort\u00f3 al sector tur\u00edstico y restaurantero<br \/>\nde la ciudad, a ser los mejores anfitriones con el turismo nacional e internacional que arribar\u00e1 al municipio en el marco de la visita del Papa Francisco, el pr\u00f3ximo 16 de febrero.<\/p>\n<p>Lo anterior fue expresado al asistir a la toma de protesta de la Mesa Directiva de la Asociaci\u00f3n de Hoteles y Moteles de Morelia, la cual estar\u00e1 encabezada por Luis Miguel Rodr\u00edguez Herrej\u00f3n durante los siguientes dos a\u00f1os.<\/p>\n<p>En su participaci\u00f3n, el Alcalde, Alfonso Mart\u00ednez felicit\u00f3 a Luis Miguel Rodr\u00edguez y resalt\u00f3 el acierto de su elecci\u00f3n al frente de esta Asociaci\u00f3n que, dijo, es fundamental para el crecimiento del turismo en la capital del estado, por lo que confi\u00f3 que durante su gesti\u00f3n entregar\u00e1 buenos resultados.<\/p>\n<p>Ante la secretaria de Turismo Estatal, Liliana Buenrostro, su hom\u00f3loga a nivel municipal, Thelma Aquique Arrieta, Rafael Gonz\u00e1lez Garc\u00eda, presidente nacional de la Asociaci\u00f3n de Hoteles y Moteles, as\u00ed como Agust\u00edn Arriaga Diez, presidente de la Asociaci\u00f3n de Hoteles de Michoac\u00e1n y Salvador Abud Mirabent delegado de Econom\u00eda, Mart\u00ednez Alc\u00e1zar resalt\u00f3 que durante el pr\u00f3ximo 16 de febrero se tiene que realizar una gran labor por parte de los prestadores de servicios.<\/p>\n<p>En este tenor, subrayo que el reto es aprovechar esta oportunidad hist\u00f3rica para que todo el sector brinde el mejor servicio, para que en futuras ocasiones los visitantes quieran regresar a Morelia a disfrutar de su gente, de su historia, de su arquitectura y comida.<\/p>\n<p>\u201cSe ha dicho que esta visita del Papa Francisco es una gran oportunidad porque vamos a tener lleno total en la ciudad, pero no por eso vamos a aprovechar esos d\u00edas para mandar un mensaje equivocado, tenemos que demostrar que somos los mejores anfitriones, que las visitas tengan ganas de regresar\u201d resalt\u00f3 el Presidente Municipal.<\/p>\n<p>Asimismo, mencion\u00f3 que es de vital importancia que en el marco de este gran acontecimiento caminemos todos por Morelia y se trate de aprovechar de la mejor manera que miles de miradas estar\u00e1n en la ciudad.<\/p>\n","protected":false},"excerpt":{"rendered":"<p>El Presidente Municipal de Morelia, Alfonso Mart\u00ednez Alc\u00e1zar exhort\u00f3 al sector tur\u00edstico y restaurantero<\/p>\n","protected":false},"author":1,"featured_media":21414,"comment_status":"open","ping_status":"open","sticky":false,"template":"","format":"standard","meta":{"footnotes":""},"categories":[14,9],"tags":[],"class_list":["post-21413","post","type-post","status-publish","format-standard","has-post-thumbnail","hentry","category-destacadas","category-morelia"],"_links":{"self":[{"href":"https:\/\/radiowebmx.com\/nota\/wp-json\/wp\/v2\/posts\/21413","targetHints":{"allow":["GET"]}}],"collection":[{"href":"https:\/\/radiowebmx.com\/nota\/wp-json\/wp\/v2\/posts"}],"about":[{"href":"https:\/\/radiowebmx.com\/nota\/wp-json\/wp\/v2\/types\/post"}],"author":[{"embeddable":true,"href":"https:\/\/radiowebmx.com\/nota\/wp-json\/wp\/v2\/users\/1"}],"replies":[{"embeddable":true,"href":"https:\/\/radiowebmx.com\/nota\/wp-json\/wp\/v2\/comments?post=21413"}],"version-history":[{"count":1,"href":"https:\/\/radiowebmx.com\/nota\/wp-json\/wp\/v2\/posts\/21413\/revisions"}],"predecessor-version":[{"id":21415,"href":"https:\/\/radiowebmx.com\/nota\/wp-json\/wp\/v2\/posts\/21413\/revisions\/21415"}],"wp:featuredmedia":[{"embeddable":true,"href":"https:\/\/radiowebmx.com\/nota\/wp-json\/wp\/v2\/media\/21414"}],"wp:attachment":[{"href":"https:\/\/radiowebmx.com\/nota\/wp-json\/wp\/v2\/media?parent=21413"}],"wp:term":[{"taxonomy":"category","embeddable":true,"href":"https:\/\/radiowebmx.com\/nota\/wp-json\/wp\/v2\/categories?post=21413"},{"taxonomy":"post_tag","embeddable":true,"href":"https:\/\/radiowebmx.com\/nota\/wp-json\/wp\/v2\/tags?post=21413"}],"curies":[{"name":"wp","href":"https:\/\/api.w.org\/{rel}","templated":true}]}}