{"id":21400,"date":"2016-02-09T11:33:53","date_gmt":"2016-02-09T17:33:53","guid":{"rendered":"https:\/\/radiowebmx.com\/nota\/?p=21400"},"modified":"2016-02-09T11:33:53","modified_gmt":"2016-02-09T17:33:53","slug":"la-educacion-factor-de-desarrollo-individual-y-colectivo-carmen-escobedo","status":"publish","type":"post","link":"https:\/\/radiowebmx.com\/nota\/la-educacion-factor-de-desarrollo-individual-y-colectivo-carmen-escobedo\/","title":{"rendered":"La educaci\u00f3n, factor de desarrollo individual y colectivo: Carmen Escobedo"},"content":{"rendered":"<p><a href=\"https:\/\/radiowebmx.com\/nota\/wp-content\/uploads\/2016\/02\/e1f1fe11-3dbc-476a-83c8-41bde1f5bc9b.jpg\"><img loading=\"lazy\" decoding=\"async\" class=\"alignleft size-full wp-image-21401\" src=\"https:\/\/radiowebmx.com\/nota\/wp-content\/uploads\/2016\/02\/e1f1fe11-3dbc-476a-83c8-41bde1f5bc9b.jpg\" alt=\"e1f1fe11-3dbc-476a-83c8-41bde1f5bc9b\" width=\"591\" height=\"365\" srcset=\"https:\/\/radiowebmx.com\/nota\/wp-content\/uploads\/2016\/02\/e1f1fe11-3dbc-476a-83c8-41bde1f5bc9b.jpg 591w, https:\/\/radiowebmx.com\/nota\/wp-content\/uploads\/2016\/02\/e1f1fe11-3dbc-476a-83c8-41bde1f5bc9b-300x185.jpg 300w\" sizes=\"auto, (max-width: 591px) 100vw, 591px\" \/><\/a>Este d\u00eda se puso en marcha el semestre escolar febrero \u2013 junio 2016 en el Colegio de Estudios Cient\u00edficos y Tecnol\u00f3gicos del Estado de Michoac\u00e1n (CECyTEM), ante la presencia de 490 alumnos y de autoridades federales, estatales y municipales.<\/p>\n<p>Fue en el plantel 1 de Penjamillo donde arrancaron formalmente los trabajos del semestre escolar y donde la directora general del CECyTEM, Mar\u00eda del Carmen Escobedo P\u00e9rez, destac\u00f3 que al cumplirse este a\u00f1o el 25 aniversario del plantel \u201cmucho se ha recorrido y se ha construido para obtener un nivel educativo de calidad, ha sido ejemplo para crecer y ser cada vez mejor\u201d.<\/p>\n<p>Record\u00f3 que el subsistema tiene presencia en 54 municipios de la entidad con 34 planteles escolarizados y 59 CEMSAD (Centros de Educaci\u00f3n Media Superior a Distancia); \u201csin embargo, las necesidades son muchas y se requiere de planteles mejor equipados y docentes bien preparados, amantes de su profesi\u00f3n y comprometidos con la juventud del estado\u201d, apunt\u00f3.<\/p>\n<p>Asimismo, enfatiz\u00f3 sobre la necesidad de hacer un alto y reflexionar qu\u00e9 se requiere en las comunidades para generar desarrollo cient\u00edfico y econ\u00f3mico, \u201cya que el subsistema tuvo como origen que se impulsara el desarrollo en las diferentes regiones del estado y su vocaci\u00f3n econ\u00f3mica, como es el caso de Penjamillo, cercano a La Piedad, donde el impulso a la agroindustria y la vinculaci\u00f3n con las peque\u00f1as y medianas industrias dedicadas a la producci\u00f3n de alimentos\u201d.<\/p>\n<p>Escobedo P\u00e9rez apunt\u00f3 que esto ha permitido un mejor desarrollo en los j\u00f3venes para que la vinculaci\u00f3n con el sector productivo crezca, e indic\u00f3 que el conocimiento, creatividad e impulso de los estudiantes permitir\u00e1n que el CECyTEM est\u00e9 a la vanguardia.<\/p>\n<p>\u201cNuestro gobernador, Silvano Aureoles Conejo, sabe que la educaci\u00f3n, el compromiso de servicio y el arraigo a la tierra, a la regi\u00f3n, es lo que permite un desarrollo individual y colectivo\u201d, resalt\u00f3.<\/p>\n<p>Por su parte, el diputado federal por el distrito de Puru\u00e1ndiro, Erik Ju\u00e1rez Blanquet, agradeci\u00f3 la invitaci\u00f3n por parte del personal directivo del plantel y se comprometi\u00f3 a respaldar las acciones de la Direcci\u00f3n General y buscar la posibilidad de gestionar recursos\u00a0 para el plantel de Penjamillo.<\/p>\n<p>Por \u00faltimo, el secretario del Ayuntamiento de Penjamillo, Jos\u00e9 Rub\u00e9n Arrellano Morales, exhort\u00f3 a los estudiantes a continuar prepar\u00e1ndose. \u201cYo estudi\u00e9 en este plantel y me siento orgulloso de haber concluido satisfactoriamente mi educaci\u00f3n de bachillerato en una instituci\u00f3n que sin duda es la mejor en Michoac\u00e1n. Ustedes pueden contar con todo el respaldo del ayuntamiento; pr\u00f3ximamente estaremos invirtiendo recurso econ\u00f3mico para su mejor\u00eda, es el compromiso que ha hecho el alcalde Jos\u00e9 Leyva Duarte\u201d.<\/p>\n<p>Tambi\u00e9n asistieron al evento el secretario del Ayuntamiento de Penjamillo, Jos\u00e9 Rub\u00e9n Arrellano Morales; el secretario general del SUTCECyTEM, Gabriel Hilario Marcelino; el director del Plantel 1, Carlos Hern\u00e1ndez B\u00e1ez; y el subdirector de Apoyo Docente del CECyTEM, J. Jes\u00fas Herrera P\u00e9rez.<\/p>\n","protected":false},"excerpt":{"rendered":"<p>Este d\u00eda se puso en marcha el semestre escolar febrero \u2013 junio 2016 en el CECyTEM, ante la presencia de 490 alumnos y de autoridades federales, estatales y municipales.<\/p>\n","protected":false},"author":1,"featured_media":21401,"comment_status":"open","ping_status":"open","sticky":false,"template":"","format":"standard","meta":{"footnotes":""},"categories":[14,3],"tags":[],"class_list":["post-21400","post","type-post","status-publish","format-standard","has-post-thumbnail","hentry","category-destacadas","category-gobierno-del-estado-de-michoacan"],"_links":{"self":[{"href":"https:\/\/radiowebmx.com\/nota\/wp-json\/wp\/v2\/posts\/21400","targetHints":{"allow":["GET"]}}],"collection":[{"href":"https:\/\/radiowebmx.com\/nota\/wp-json\/wp\/v2\/posts"}],"about":[{"href":"https:\/\/radiowebmx.com\/nota\/wp-json\/wp\/v2\/types\/post"}],"author":[{"embeddable":true,"href":"https:\/\/radiowebmx.com\/nota\/wp-json\/wp\/v2\/users\/1"}],"replies":[{"embeddable":true,"href":"https:\/\/radiowebmx.com\/nota\/wp-json\/wp\/v2\/comments?post=21400"}],"version-history":[{"count":1,"href":"https:\/\/radiowebmx.com\/nota\/wp-json\/wp\/v2\/posts\/21400\/revisions"}],"predecessor-version":[{"id":21402,"href":"https:\/\/radiowebmx.com\/nota\/wp-json\/wp\/v2\/posts\/21400\/revisions\/21402"}],"wp:featuredmedia":[{"embeddable":true,"href":"https:\/\/radiowebmx.com\/nota\/wp-json\/wp\/v2\/media\/21401"}],"wp:attachment":[{"href":"https:\/\/radiowebmx.com\/nota\/wp-json\/wp\/v2\/media?parent=21400"}],"wp:term":[{"taxonomy":"category","embeddable":true,"href":"https:\/\/radiowebmx.com\/nota\/wp-json\/wp\/v2\/categories?post=21400"},{"taxonomy":"post_tag","embeddable":true,"href":"https:\/\/radiowebmx.com\/nota\/wp-json\/wp\/v2\/tags?post=21400"}],"curies":[{"name":"wp","href":"https:\/\/api.w.org\/{rel}","templated":true}]}}