{"id":21397,"date":"2016-02-09T11:31:14","date_gmt":"2016-02-09T17:31:14","guid":{"rendered":"https:\/\/radiowebmx.com\/nota\/?p=21397"},"modified":"2016-02-09T11:31:14","modified_gmt":"2016-02-09T17:31:14","slug":"siete-medallas-para-la-utm-en-taekwondo","status":"publish","type":"post","link":"https:\/\/radiowebmx.com\/nota\/siete-medallas-para-la-utm-en-taekwondo\/","title":{"rendered":"Siete medallas para la UTM en taekwondo"},"content":{"rendered":"<p><a href=\"https:\/\/radiowebmx.com\/nota\/wp-content\/uploads\/2016\/02\/08e5d4ff-8cfd-40b7-ab85-7c6846246a3e.jpg\"><img loading=\"lazy\" decoding=\"async\" class=\"alignleft size-full wp-image-21398\" src=\"https:\/\/radiowebmx.com\/nota\/wp-content\/uploads\/2016\/02\/08e5d4ff-8cfd-40b7-ab85-7c6846246a3e.jpg\" alt=\"08e5d4ff-8cfd-40b7-ab85-7c6846246a3e\" width=\"591\" height=\"307\" srcset=\"https:\/\/radiowebmx.com\/nota\/wp-content\/uploads\/2016\/02\/08e5d4ff-8cfd-40b7-ab85-7c6846246a3e.jpg 591w, https:\/\/radiowebmx.com\/nota\/wp-content\/uploads\/2016\/02\/08e5d4ff-8cfd-40b7-ab85-7c6846246a3e-300x156.jpg 300w\" sizes=\"auto, (max-width: 591px) 100vw, 591px\" \/><\/a>Siete alumnas y alumnos de la Universidad Tecnol\u00f3gica de Morelia (UTM) participaron durante este fin de semana en la XVI Copa Alianza Zamora Taekwondo, consiguiendo dos oros, dos platas y tres bronces.<\/p>\n<p>\u201cEste torneo abierto es parte de la preparaci\u00f3n rumbo al Nacional de Universidades Tecnol\u00f3gicas (UT\u00b4s), que se llevar\u00e1 a cabo en el estado de Coahuila en el mes de marzo. Es por ello que estos resultados son importantes para los y las j\u00f3venes\u201d, apunt\u00f3 Hugo J. Pacheco Alvez, profesor de esta disciplina.<\/p>\n<p>Se dijo convencido del papel que tendr\u00e1 la UTM en los pr\u00f3ximos juegos, ya que las expectativas son altas y el inter\u00e9s de las y los alumnos de poner en el alto el nombre de su alma mater ha quedado demostrado.<\/p>\n<p>Por otro lado, destac\u00f3 la importancia de que participar en estos torneos sea una constante, ya que ayudar\u00e1 al fogueo y mejorar\u00e1 la t\u00e9cnica de combate, buscando nuevas estrategias, corregir errores y perfeccionar puntos clave, lo que \u201cles dar\u00e1 la victoria en el nacional de UT\u00b4s\u201d.<\/p>\n<p>Cabe se\u00f1alar que las cintas negras compitieron con petos electr\u00f3nicos para ganar un ranking estatal como lo marca la Uni\u00f3n Michoacana de Taekwondo, es decir, entre m\u00e1s puntos acumulen en cada torneo que est\u00e1 programado, tendr\u00e1n una mejor posici\u00f3n sobre los dem\u00e1s competidores en su categor\u00eda.<\/p>\n<p>Los y las alumnas, as\u00ed como el entrenador, se mostraron agradecidos con las autoridades educativas de la UTM por la confianza y apoyo que han recibido, adem\u00e1s se comprometieron para traer mejores resultados y seguir demostrando el talento deportivo que existe en la UTM.<\/p>\n<p>Las y los alumnos que participaron fueron Ulises \u00c1valos y Jaime Mu\u00f1oz, de la carrera de Energ\u00edas Renovables; Luis Mej\u00eda, Gabriela Herrera y Miguel Ortega, de Gastronom\u00eda; as\u00ed como Janin Torres y Luis Franco, de Biotecnolog\u00eda.<\/p>\n","protected":false},"excerpt":{"rendered":"<p>Siete alumnas y alumnos de la UTM participaron durante este fin de semana en la XVI Copa Alianza Zamora Taekwondo, consiguiendo dos oros, dos platas y tres bronces.<\/p>\n","protected":false},"author":1,"featured_media":21398,"comment_status":"open","ping_status":"open","sticky":false,"template":"","format":"standard","meta":{"footnotes":""},"categories":[14,3],"tags":[],"class_list":["post-21397","post","type-post","status-publish","format-standard","has-post-thumbnail","hentry","category-destacadas","category-gobierno-del-estado-de-michoacan"],"_links":{"self":[{"href":"https:\/\/radiowebmx.com\/nota\/wp-json\/wp\/v2\/posts\/21397","targetHints":{"allow":["GET"]}}],"collection":[{"href":"https:\/\/radiowebmx.com\/nota\/wp-json\/wp\/v2\/posts"}],"about":[{"href":"https:\/\/radiowebmx.com\/nota\/wp-json\/wp\/v2\/types\/post"}],"author":[{"embeddable":true,"href":"https:\/\/radiowebmx.com\/nota\/wp-json\/wp\/v2\/users\/1"}],"replies":[{"embeddable":true,"href":"https:\/\/radiowebmx.com\/nota\/wp-json\/wp\/v2\/comments?post=21397"}],"version-history":[{"count":1,"href":"https:\/\/radiowebmx.com\/nota\/wp-json\/wp\/v2\/posts\/21397\/revisions"}],"predecessor-version":[{"id":21399,"href":"https:\/\/radiowebmx.com\/nota\/wp-json\/wp\/v2\/posts\/21397\/revisions\/21399"}],"wp:featuredmedia":[{"embeddable":true,"href":"https:\/\/radiowebmx.com\/nota\/wp-json\/wp\/v2\/media\/21398"}],"wp:attachment":[{"href":"https:\/\/radiowebmx.com\/nota\/wp-json\/wp\/v2\/media?parent=21397"}],"wp:term":[{"taxonomy":"category","embeddable":true,"href":"https:\/\/radiowebmx.com\/nota\/wp-json\/wp\/v2\/categories?post=21397"},{"taxonomy":"post_tag","embeddable":true,"href":"https:\/\/radiowebmx.com\/nota\/wp-json\/wp\/v2\/tags?post=21397"}],"curies":[{"name":"wp","href":"https:\/\/api.w.org\/{rel}","templated":true}]}}