{"id":21394,"date":"2016-02-09T11:25:22","date_gmt":"2016-02-09T17:25:22","guid":{"rendered":"https:\/\/radiowebmx.com\/nota\/?p=21394"},"modified":"2016-02-09T11:25:22","modified_gmt":"2016-02-09T17:25:22","slug":"recorren-silvano-aureoles-y-titular-de-sedena-nueva-zona-militar-de-nuevo-leon%e2%80%8f","status":"publish","type":"post","link":"https:\/\/radiowebmx.com\/nota\/recorren-silvano-aureoles-y-titular-de-sedena-nueva-zona-militar-de-nuevo-leon%e2%80%8f\/","title":{"rendered":"Recorren Silvano Aureoles y titular de Sedena nueva zona militar de Nuevo Le\u00f3n\u200f"},"content":{"rendered":"<p><a href=\"https:\/\/radiowebmx.com\/nota\/wp-content\/uploads\/2016\/02\/5745c966-cc81-4bb2-9038-c155778d6a9d.jpg\"><img loading=\"lazy\" decoding=\"async\" class=\"alignleft size-full wp-image-21395\" src=\"https:\/\/radiowebmx.com\/nota\/wp-content\/uploads\/2016\/02\/5745c966-cc81-4bb2-9038-c155778d6a9d.jpg\" alt=\"5745c966-cc81-4bb2-9038-c155778d6a9d\" width=\"591\" height=\"286\" srcset=\"https:\/\/radiowebmx.com\/nota\/wp-content\/uploads\/2016\/02\/5745c966-cc81-4bb2-9038-c155778d6a9d.jpg 591w, https:\/\/radiowebmx.com\/nota\/wp-content\/uploads\/2016\/02\/5745c966-cc81-4bb2-9038-c155778d6a9d-300x145.jpg 300w\" sizes=\"auto, (max-width: 591px) 100vw, 591px\" \/><\/a>Invitado por el secretario de la Defensa Nacional, Salvador Cienfuegos Zepeda, este lunes el Gobernador de Michoac\u00e1n, Silvano Aureoles Conejo, realiz\u00f3 un recorrido por las instalaciones reci\u00e9n construidas de la Brigada de Polic\u00eda Militar en Escobedo, Nuevo Le\u00f3n.<\/p>\n<p>Estas instalaciones ser\u00e1n inauguradas en las pr\u00f3ximas semanas por el presidente de la Rep\u00fablica, Enrique Pe\u00f1a Nieto, sin embargo, el General Secretario invit\u00f3 al mandatario estatal a tener un acercamiento con los arquitectos e ingenieros encargados de esta obra.<\/p>\n<p>En este recorrido, el Gobernador de Michoac\u00e1n estuvo acompa\u00f1ado por el secretario de Seguridad P\u00fablica estatal, comisario Antonio Bernal Bustamante; el comandante de la XII Regi\u00f3n Militar, Pedro Felipe Gurrola Ram\u00edrez; y el secretario particular, Marco Aurelio Nava Cervantes.<\/p>\n<p>Este complejo militar albergar\u00e1 a 3 mil soldados que se encargar\u00e1n de atender el tema de seguridad en estados como Tamaulipas, Coahuila, Nuevo Le\u00f3n y San Luis Potos\u00ed.<\/p>\n<p>El cuartel general cuenta con comedor, zonas de adiestramiento canino, cl\u00ednica, urgencias m\u00e9dicas, reserva de alimentos, resguardo de explosivos, complejos habitacionales para los elementos militares y sus familias, zona de esparcimiento, zona deportiva que incluye alberca y gimnasio, as\u00ed como cuarteles de brigada de reacci\u00f3n inmediata.<\/p>\n<p>Tanto el general Cienfuegos Zepeda como el Gobernador Aureoles Conejo, conocieron a detalle el funcionamiento que tendr\u00e1 este centro militar, as\u00ed como los recursos econ\u00f3micos y humanos que se destinaron para el mismo.<\/p>\n<p>El Gobernador de Michoac\u00e1n se mostr\u00f3 satisfecho por la rapidez con que fue construido este complejo (un a\u00f1o), y escuch\u00f3 las experiencias de los que intervinieron en el dise\u00f1o, a fin de poder realizar un complejo similar en nuestro estado.<\/p>\n<p>Asimismo, afirm\u00f3 que tomar\u00e1 en cuenta esta propuesta y har\u00e1 las gestiones necesarias para que entre sociedad, gobierno y empresarios, se concluya este proyecto en la ciudad de Morelia.<\/p>\n<p>Para esta brigada militar se requirieron un aproximado de 420 millones de pesos; por la magnitud de esta obra, se consideraron aproximadamente 2 mil trabajadores, entre civiles y personal militar.<\/p>\n<p>Finalmente, este complejo tendr\u00e1 una zona habitacional para los militares y sus familias, con un total de 208 departamentos y 8 casas habitaci\u00f3n.<\/p>\n","protected":false},"excerpt":{"rendered":"<p>Invitado por el secretario de la Defensa Nacional, Salvador Cienfuegos Zepeda, este lunes el Gobernador de Michoac\u00e1n, <\/p>\n","protected":false},"author":1,"featured_media":21395,"comment_status":"open","ping_status":"open","sticky":false,"template":"","format":"standard","meta":{"footnotes":""},"categories":[14,3],"tags":[],"class_list":["post-21394","post","type-post","status-publish","format-standard","has-post-thumbnail","hentry","category-destacadas","category-gobierno-del-estado-de-michoacan"],"_links":{"self":[{"href":"https:\/\/radiowebmx.com\/nota\/wp-json\/wp\/v2\/posts\/21394","targetHints":{"allow":["GET"]}}],"collection":[{"href":"https:\/\/radiowebmx.com\/nota\/wp-json\/wp\/v2\/posts"}],"about":[{"href":"https:\/\/radiowebmx.com\/nota\/wp-json\/wp\/v2\/types\/post"}],"author":[{"embeddable":true,"href":"https:\/\/radiowebmx.com\/nota\/wp-json\/wp\/v2\/users\/1"}],"replies":[{"embeddable":true,"href":"https:\/\/radiowebmx.com\/nota\/wp-json\/wp\/v2\/comments?post=21394"}],"version-history":[{"count":1,"href":"https:\/\/radiowebmx.com\/nota\/wp-json\/wp\/v2\/posts\/21394\/revisions"}],"predecessor-version":[{"id":21396,"href":"https:\/\/radiowebmx.com\/nota\/wp-json\/wp\/v2\/posts\/21394\/revisions\/21396"}],"wp:featuredmedia":[{"embeddable":true,"href":"https:\/\/radiowebmx.com\/nota\/wp-json\/wp\/v2\/media\/21395"}],"wp:attachment":[{"href":"https:\/\/radiowebmx.com\/nota\/wp-json\/wp\/v2\/media?parent=21394"}],"wp:term":[{"taxonomy":"category","embeddable":true,"href":"https:\/\/radiowebmx.com\/nota\/wp-json\/wp\/v2\/categories?post=21394"},{"taxonomy":"post_tag","embeddable":true,"href":"https:\/\/radiowebmx.com\/nota\/wp-json\/wp\/v2\/tags?post=21394"}],"curies":[{"name":"wp","href":"https:\/\/api.w.org\/{rel}","templated":true}]}}