{"id":21391,"date":"2016-02-09T11:21:38","date_gmt":"2016-02-09T17:21:38","guid":{"rendered":"https:\/\/radiowebmx.com\/nota\/?p=21391"},"modified":"2016-02-09T11:21:38","modified_gmt":"2016-02-09T17:21:38","slug":"47-mil-alumnos-del-cobaem-inician-hoy-periodo-escolar-2016-i","status":"publish","type":"post","link":"https:\/\/radiowebmx.com\/nota\/47-mil-alumnos-del-cobaem-inician-hoy-periodo-escolar-2016-i\/","title":{"rendered":"47 mil alumnos del COBAEM inician hoy periodo escolar 2016-I"},"content":{"rendered":"<p><a href=\"https:\/\/radiowebmx.com\/nota\/wp-content\/uploads\/2016\/02\/7ae40d3e-b553-4c85-9600-392761070b9d.jpg\"><img loading=\"lazy\" decoding=\"async\" class=\"alignleft size-full wp-image-21392\" src=\"https:\/\/radiowebmx.com\/nota\/wp-content\/uploads\/2016\/02\/7ae40d3e-b553-4c85-9600-392761070b9d.jpg\" alt=\"7ae40d3e-b553-4c85-9600-392761070b9d\" width=\"591\" height=\"287\" srcset=\"https:\/\/radiowebmx.com\/nota\/wp-content\/uploads\/2016\/02\/7ae40d3e-b553-4c85-9600-392761070b9d.jpg 591w, https:\/\/radiowebmx.com\/nota\/wp-content\/uploads\/2016\/02\/7ae40d3e-b553-4c85-9600-392761070b9d-300x146.jpg 300w\" sizes=\"auto, (max-width: 591px) 100vw, 591px\" \/><\/a>Los 47 mil alumnos del Colegio de Bachilleres del Estado de Michoac\u00e1n (COBAEM) arrancaron este lunes el periodo escolar 2016-I.<\/p>\n<p>Los 128 centros educativos de este subsistema educativo arrancaron clases en los 97 planteles, 10 Sistemas de Ense\u00f1anza Abierta, 16 Extensiones, un Centro de Educaci\u00f3n Virtual y tres m\u00f3dulos en la Uni\u00f3n Americana: Dallas, Texas; Chicago, Illinois, y Los \u00c1ngeles, California.<\/p>\n<p>En este marco, el director general del subsistema, Alejandro Bustos Aguilar, destac\u00f3: \u201cEl COBAEM actualmente brinda una oportunidad valiosa, congruente, integral y de calidad en la formaci\u00f3n para los j\u00f3venes que eligen nuestra instituci\u00f3n\u201d.<\/p>\n<p>Por ello, se\u00f1al\u00f3 que los docentes y el personal en general responden a los compromisos de formaci\u00f3n permanente, lo que favorece el fortalecimiento de la instituci\u00f3n y cumple con lo establecido por el Gobernador del Estado, Silvano Aureoles Conejo, en favor de la educaci\u00f3n de calidad.<\/p>\n<p>En este sentido, hizo un llamado a coadyuvar con el mandatario estatal y participar en el pacto por la paz y la tranquilad en el Estado, de cara a la visita del Papa Francisco, el pr\u00f3ximo 16 de febrero.<\/p>\n","protected":false},"excerpt":{"rendered":"<p>Los 47 mil alumnos del Colegio de Bachilleres del Estado de Michoac\u00e1n (COBAEM) arrancaron este lunes el periodo escolar 2016-I.<\/p>\n","protected":false},"author":1,"featured_media":21392,"comment_status":"open","ping_status":"open","sticky":false,"template":"","format":"standard","meta":{"footnotes":""},"categories":[14,3],"tags":[],"class_list":["post-21391","post","type-post","status-publish","format-standard","has-post-thumbnail","hentry","category-destacadas","category-gobierno-del-estado-de-michoacan"],"_links":{"self":[{"href":"https:\/\/radiowebmx.com\/nota\/wp-json\/wp\/v2\/posts\/21391","targetHints":{"allow":["GET"]}}],"collection":[{"href":"https:\/\/radiowebmx.com\/nota\/wp-json\/wp\/v2\/posts"}],"about":[{"href":"https:\/\/radiowebmx.com\/nota\/wp-json\/wp\/v2\/types\/post"}],"author":[{"embeddable":true,"href":"https:\/\/radiowebmx.com\/nota\/wp-json\/wp\/v2\/users\/1"}],"replies":[{"embeddable":true,"href":"https:\/\/radiowebmx.com\/nota\/wp-json\/wp\/v2\/comments?post=21391"}],"version-history":[{"count":1,"href":"https:\/\/radiowebmx.com\/nota\/wp-json\/wp\/v2\/posts\/21391\/revisions"}],"predecessor-version":[{"id":21393,"href":"https:\/\/radiowebmx.com\/nota\/wp-json\/wp\/v2\/posts\/21391\/revisions\/21393"}],"wp:featuredmedia":[{"embeddable":true,"href":"https:\/\/radiowebmx.com\/nota\/wp-json\/wp\/v2\/media\/21392"}],"wp:attachment":[{"href":"https:\/\/radiowebmx.com\/nota\/wp-json\/wp\/v2\/media?parent=21391"}],"wp:term":[{"taxonomy":"category","embeddable":true,"href":"https:\/\/radiowebmx.com\/nota\/wp-json\/wp\/v2\/categories?post=21391"},{"taxonomy":"post_tag","embeddable":true,"href":"https:\/\/radiowebmx.com\/nota\/wp-json\/wp\/v2\/tags?post=21391"}],"curies":[{"name":"wp","href":"https:\/\/api.w.org\/{rel}","templated":true}]}}