{"id":21388,"date":"2016-02-09T11:17:08","date_gmt":"2016-02-09T17:17:08","guid":{"rendered":"https:\/\/radiowebmx.com\/nota\/?p=21388"},"modified":"2016-02-09T11:17:08","modified_gmt":"2016-02-09T17:17:08","slug":"atiende-dif-morelia-a-habitantes-de-loma-caliente-en-tercera-feria-de-salud","status":"publish","type":"post","link":"https:\/\/radiowebmx.com\/nota\/atiende-dif-morelia-a-habitantes-de-loma-caliente-en-tercera-feria-de-salud\/","title":{"rendered":"Atiende DIF Morelia a habitantes de Loma Caliente en Tercera Feria de Salud"},"content":{"rendered":"<p><a href=\"https:\/\/radiowebmx.com\/nota\/wp-content\/uploads\/2016\/02\/90777f4b-451d-45ab-8be0-3e05ae0cedea.jpg\"><img loading=\"lazy\" decoding=\"async\" class=\"alignleft size-full wp-image-21389\" src=\"https:\/\/radiowebmx.com\/nota\/wp-content\/uploads\/2016\/02\/90777f4b-451d-45ab-8be0-3e05ae0cedea.jpg\" alt=\"90777f4b-451d-45ab-8be0-3e05ae0cedea\" width=\"591\" height=\"331\" srcset=\"https:\/\/radiowebmx.com\/nota\/wp-content\/uploads\/2016\/02\/90777f4b-451d-45ab-8be0-3e05ae0cedea.jpg 591w, https:\/\/radiowebmx.com\/nota\/wp-content\/uploads\/2016\/02\/90777f4b-451d-45ab-8be0-3e05ae0cedea-300x168.jpg 300w, https:\/\/radiowebmx.com\/nota\/wp-content\/uploads\/2016\/02\/90777f4b-451d-45ab-8be0-3e05ae0cedea-284x158.jpg 284w, https:\/\/radiowebmx.com\/nota\/wp-content\/uploads\/2016\/02\/90777f4b-451d-45ab-8be0-3e05ae0cedea-128x72.jpg 128w\" sizes=\"auto, (max-width: 591px) 100vw, 591px\" \/><\/a>El Ayuntamiento de Morelia, a trav\u00e9s del DIF municipal, realiz\u00f3 su tercera Feria de Salud en la comunidad de Loma Caliente, donde cerca de cien personas recibieron atenci\u00f3n m\u00e9dica, odontol\u00f3gica y jur\u00eddica, as\u00ed como asesor\u00eda legal e informaci\u00f3n sobre programas sociales.<\/p>\n<p>La Feria de Salud se llev\u00f3 a cabo en las instalaciones del Centro de Atenci\u00f3n Infantil Comunitario (CAIC) a partir de las 11 horas a solicitud de la jefatura de tenencia y con el apoyo de los profesores de la zona, Jos\u00e9 Luis Berm\u00fadez Paulin y Brenda Nambo Dom\u00ednguez.<\/p>\n<p>Los servicios que se otorgaron fueron principalmente consultas m\u00e9dicas y chequeo general a m\u00e1s de 60 personas de la comunidad; atenci\u00f3n psicol\u00f3gica con orientaci\u00f3n y charlas sobre adicciones y violencia intrafamiliar, as\u00ed como asesor\u00eda en nutrici\u00f3n a cargo de m\u00e9dicos y especialistas del DIF.<\/p>\n<p>Se brind\u00f3 atenci\u00f3n odontol\u00f3gica con charlas sobre el cuidado dental para ni\u00f1os de preescolar y primaria, distribuci\u00f3n de cepillos de dientes, aplicaci\u00f3n de fl\u00faor y consultas de valoraci\u00f3n para canalizaci\u00f3n y seguimiento.<\/p>\n<p>La Procuradur\u00eda de la Defensa del Menor, la Mujer y la Familia brindo tambi\u00e9n asesor\u00eda jur\u00eddica en temas de divorcio y se imparti\u00f3 una pl\u00e1tica a alumnos de primaria sobre derechos y obligaciones de los ni\u00f1os.<\/p>\n<p>El DIF Municipal tambi\u00e9n particip\u00f3 en coordinaci\u00f3n con la Secretar\u00eda de Desarrollo Humano y Bienestar Social para canalizar diversas solicitudes de informaci\u00f3n sobre programas en materia de vivienda, empleo temporal, programas productivos y afiliaci\u00f3n al padr\u00f3n de Prospera y al de 65 y M\u00e1s.<\/p>\n<p>Asimismo, los Centros de Capacitaci\u00f3n y Desarrollo (CECADES), participaron con cortes de cabello gratuito y pinta caritas para ni\u00f1os.<\/p>\n<p>Con ello el Ayuntamiento de Morelia, reafirma su compromiso de acercar servicios a todos los morelianos, incluyendo a las tenencias y comunidades apartadas, a fin de que todos puedan recibir la atenci\u00f3n de calidad desde su hogar y en breve se espera lograr un esquema de visitas mensuales a esta comunidad por parte del \u00e1rea m\u00e9dica.<\/p>\n","protected":false},"excerpt":{"rendered":"<p>El Ayuntamiento de Morelia, a trav\u00e9s del DIF municipal, realiz\u00f3 su tercera Feria de Salud en la comunidad de Loma Caliente,<\/p>\n","protected":false},"author":1,"featured_media":21389,"comment_status":"open","ping_status":"open","sticky":false,"template":"","format":"standard","meta":{"footnotes":""},"categories":[14,9],"tags":[],"class_list":["post-21388","post","type-post","status-publish","format-standard","has-post-thumbnail","hentry","category-destacadas","category-morelia"],"_links":{"self":[{"href":"https:\/\/radiowebmx.com\/nota\/wp-json\/wp\/v2\/posts\/21388","targetHints":{"allow":["GET"]}}],"collection":[{"href":"https:\/\/radiowebmx.com\/nota\/wp-json\/wp\/v2\/posts"}],"about":[{"href":"https:\/\/radiowebmx.com\/nota\/wp-json\/wp\/v2\/types\/post"}],"author":[{"embeddable":true,"href":"https:\/\/radiowebmx.com\/nota\/wp-json\/wp\/v2\/users\/1"}],"replies":[{"embeddable":true,"href":"https:\/\/radiowebmx.com\/nota\/wp-json\/wp\/v2\/comments?post=21388"}],"version-history":[{"count":1,"href":"https:\/\/radiowebmx.com\/nota\/wp-json\/wp\/v2\/posts\/21388\/revisions"}],"predecessor-version":[{"id":21390,"href":"https:\/\/radiowebmx.com\/nota\/wp-json\/wp\/v2\/posts\/21388\/revisions\/21390"}],"wp:featuredmedia":[{"embeddable":true,"href":"https:\/\/radiowebmx.com\/nota\/wp-json\/wp\/v2\/media\/21389"}],"wp:attachment":[{"href":"https:\/\/radiowebmx.com\/nota\/wp-json\/wp\/v2\/media?parent=21388"}],"wp:term":[{"taxonomy":"category","embeddable":true,"href":"https:\/\/radiowebmx.com\/nota\/wp-json\/wp\/v2\/categories?post=21388"},{"taxonomy":"post_tag","embeddable":true,"href":"https:\/\/radiowebmx.com\/nota\/wp-json\/wp\/v2\/tags?post=21388"}],"curies":[{"name":"wp","href":"https:\/\/api.w.org\/{rel}","templated":true}]}}