{"id":21385,"date":"2016-02-09T11:13:30","date_gmt":"2016-02-09T17:13:30","guid":{"rendered":"https:\/\/radiowebmx.com\/nota\/?p=21385"},"modified":"2016-02-09T11:13:38","modified_gmt":"2016-02-09T17:13:38","slug":"sindico-municipal-detalla-logistica-con-motivo-de-la-visita-del-papa-a-morelia","status":"publish","type":"post","link":"https:\/\/radiowebmx.com\/nota\/sindico-municipal-detalla-logistica-con-motivo-de-la-visita-del-papa-a-morelia\/","title":{"rendered":"S\u00edndico municipal detalla log\u00edstica con motivo de la visita del Papa a Morelia"},"content":{"rendered":"<p><a href=\"https:\/\/radiowebmx.com\/nota\/wp-content\/uploads\/2016\/02\/33fa52dc-a608-490f-b5b4-5730e20df1ee.jpg\"><img loading=\"lazy\" decoding=\"async\" class=\"alignleft size-full wp-image-21386\" src=\"https:\/\/radiowebmx.com\/nota\/wp-content\/uploads\/2016\/02\/33fa52dc-a608-490f-b5b4-5730e20df1ee.jpg\" alt=\"33fa52dc-a608-490f-b5b4-5730e20df1ee\" width=\"591\" height=\"332\" srcset=\"https:\/\/radiowebmx.com\/nota\/wp-content\/uploads\/2016\/02\/33fa52dc-a608-490f-b5b4-5730e20df1ee.jpg 591w, https:\/\/radiowebmx.com\/nota\/wp-content\/uploads\/2016\/02\/33fa52dc-a608-490f-b5b4-5730e20df1ee-300x169.jpg 300w, https:\/\/radiowebmx.com\/nota\/wp-content\/uploads\/2016\/02\/33fa52dc-a608-490f-b5b4-5730e20df1ee-128x72.jpg 128w\" sizes=\"auto, (max-width: 591px) 100vw, 591px\" \/><\/a>Con la intenci\u00f3n de generar las condiciones propicias para que la visita del Papa Francisco a la ciudad se desarrolle en un marco de orden, seguridad y sana convivencia, el Ayuntamiento de Morelia, bajo la representaci\u00f3n del S\u00edndico municipal, Fabio Sistos Rangel, ha sostenido una serie de reuniones con el Estado Mayor Presidencial, autoridades estatales y eclesi\u00e1sticas, para delinear acciones en materia de log\u00edstica.<\/p>\n<p>As\u00ed lo inform\u00f3 el funcionario municipal, quien reafirm\u00f3 el compromiso de la Administraci\u00f3n que dirige el Presidente Municipal, Alfonso Mart\u00ednez Alc\u00e1zar, por colaborar en conjunto con los tres niveles de gobierno, a fin de que este hecho hist\u00f3rico se realice en un clima de unidad, paz y progreso.<\/p>\n<p>Precis\u00f3 que desde el fin de semana, ha encabezado una serie de reuniones con el Estado Mayor Presidencial, en las que se han supervisado los detalles para garantizar el flujo peatonal en el Centro Hist\u00f3rico de los miles de visitantes que recibir\u00e1 \u202a el municipio la pr\u00f3xima semana, con motivo del arribo de Jorge Mario Bergoglio a la capital michoacana.<\/p>\n<p>El S\u00edndico refiri\u00f3 que pr\u00e1cticamente ya se encuentra todo listo para que los m\u00e1s de 500 mil visitantes que acudir\u00e1n al municipio en este contexto, cuenten con las garant\u00edas para una estancia confortable y que los feligreses puedan acercarse a la m\u00e1xima autoridad de la Iglesia Cat\u00f3lica sin contratiempos.<\/p>\n<p>En tanto, este lunes, a nombre del Alcalde, Alfonso Mart\u00ednez Alc\u00e1zar, Sistos Rangel, particip\u00f3 en el Encuentro con Sectores de la Sociedad Michoacana, convocado por el gobierno estatal, en el que tambi\u00e9n se dieron cita el presidente del Supremo Tribunal de Justicia del Estado, Juan Antonio Maga\u00f1a, el presidente de la Mesa Directiva del Congreso Local, Raymundo Arreola, as\u00ed como el Cardenal Alberto Suarez Inda.<\/p>\n<p>Bajo este escenario, el funcionario municipal suscribi\u00f3 el Manifiesto del Pueblo Michoacano con motivo de la visita del Papa a Morelia, mediante el cual el Ayuntamiento reafirma su compromiso de trabajar en coordinaci\u00f3n con la federaci\u00f3n y el estado, en aras de contribuir a brindar un mejor futuro para Michoac\u00e1n y Morelia.<\/p>\n<p>Fabio Sistos, aprovech\u00f3 este encuentro para externar la disposici\u00f3n del gobierno municipal por dar certeza a los miles de asistentes que recibir\u00e1 el municipio de que este magno evento se realizar\u00e1 en orden y contar\u00e1 con seguridad, as\u00ed como el inter\u00e9s por destacar la riqueza cultural y arquitect\u00f3nica la capital michoacana a nivel mundial, reactivando la econom\u00eda y la posici\u00f3n tur\u00edstica del municipio.<\/p>\n","protected":false},"excerpt":{"rendered":"<p>Con la intenci\u00f3n de generar las condiciones propicias para que la visita del Papa Francisco a la ciudad se desarrolle en un marco de orden, seguridad y sana convivencia, el Ayuntamiento de Morelia,<\/p>\n","protected":false},"author":1,"featured_media":21386,"comment_status":"open","ping_status":"open","sticky":false,"template":"","format":"standard","meta":{"footnotes":""},"categories":[14,9],"tags":[],"class_list":["post-21385","post","type-post","status-publish","format-standard","has-post-thumbnail","hentry","category-destacadas","category-morelia"],"_links":{"self":[{"href":"https:\/\/radiowebmx.com\/nota\/wp-json\/wp\/v2\/posts\/21385","targetHints":{"allow":["GET"]}}],"collection":[{"href":"https:\/\/radiowebmx.com\/nota\/wp-json\/wp\/v2\/posts"}],"about":[{"href":"https:\/\/radiowebmx.com\/nota\/wp-json\/wp\/v2\/types\/post"}],"author":[{"embeddable":true,"href":"https:\/\/radiowebmx.com\/nota\/wp-json\/wp\/v2\/users\/1"}],"replies":[{"embeddable":true,"href":"https:\/\/radiowebmx.com\/nota\/wp-json\/wp\/v2\/comments?post=21385"}],"version-history":[{"count":1,"href":"https:\/\/radiowebmx.com\/nota\/wp-json\/wp\/v2\/posts\/21385\/revisions"}],"predecessor-version":[{"id":21387,"href":"https:\/\/radiowebmx.com\/nota\/wp-json\/wp\/v2\/posts\/21385\/revisions\/21387"}],"wp:featuredmedia":[{"embeddable":true,"href":"https:\/\/radiowebmx.com\/nota\/wp-json\/wp\/v2\/media\/21386"}],"wp:attachment":[{"href":"https:\/\/radiowebmx.com\/nota\/wp-json\/wp\/v2\/media?parent=21385"}],"wp:term":[{"taxonomy":"category","embeddable":true,"href":"https:\/\/radiowebmx.com\/nota\/wp-json\/wp\/v2\/categories?post=21385"},{"taxonomy":"post_tag","embeddable":true,"href":"https:\/\/radiowebmx.com\/nota\/wp-json\/wp\/v2\/tags?post=21385"}],"curies":[{"name":"wp","href":"https:\/\/api.w.org\/{rel}","templated":true}]}}