{"id":21379,"date":"2016-02-09T10:48:33","date_gmt":"2016-02-09T16:48:33","guid":{"rendered":"https:\/\/radiowebmx.com\/nota\/?p=21379"},"modified":"2016-02-09T10:48:33","modified_gmt":"2016-02-09T16:48:33","slug":"vinculacion-para-fortalecer-la-competitividad-ofrece-sicdet-a-sistemas-producto","status":"publish","type":"post","link":"https:\/\/radiowebmx.com\/nota\/vinculacion-para-fortalecer-la-competitividad-ofrece-sicdet-a-sistemas-producto\/","title":{"rendered":"Vinculaci\u00f3n para fortalecer la competitividad, ofrece SICDET a Sistemas Producto"},"content":{"rendered":"<p><a href=\"https:\/\/radiowebmx.com\/nota\/wp-content\/uploads\/2016\/02\/2fb98264-c8da-4d74-bb3b-438b632f28f1.jpg\"><img loading=\"lazy\" decoding=\"async\" class=\"alignleft size-full wp-image-21380\" src=\"https:\/\/radiowebmx.com\/nota\/wp-content\/uploads\/2016\/02\/2fb98264-c8da-4d74-bb3b-438b632f28f1.jpg\" alt=\"2fb98264-c8da-4d74-bb3b-438b632f28f1\" width=\"591\" height=\"344\" srcset=\"https:\/\/radiowebmx.com\/nota\/wp-content\/uploads\/2016\/02\/2fb98264-c8da-4d74-bb3b-438b632f28f1.jpg 591w, https:\/\/radiowebmx.com\/nota\/wp-content\/uploads\/2016\/02\/2fb98264-c8da-4d74-bb3b-438b632f28f1-300x175.jpg 300w\" sizes=\"auto, (max-width: 591px) 100vw, 591px\" \/><\/a>En atenci\u00f3n a las instrucciones del Gobernador del Estado, Silvano Aureoles Conejo, de brindar atenci\u00f3n y vinculaci\u00f3n efectiva a los sectores productivos de la entidad, la Secretar\u00eda de Innovaci\u00f3n, Ciencia y Desarrollo Tecnol\u00f3gico (SICDET), convoc\u00f3 a los presidentes de los Sistemas Producto michoacanos con el prop\u00f3sito de generar sinergias con diversas dependencias estatales, as\u00ed como instancias acad\u00e9micas, que coadyuven en incrementar su competitividad.<\/p>\n<p>Patricia Flores Anguiano, encargada del Despacho de la SICDET, indic\u00f3 que entre las l\u00edneas de trabajo de la Secretar\u00eda, la vinculaci\u00f3n entre el sector de la investigaci\u00f3n y el productivo resulta prioritaria, pues facilita los procesos que convierten la ciencia b\u00e1sica en ciencia aplicada y en espec\u00edfico, respecto al sector agroalimentario, ayuda en dar valor agregado.<\/p>\n<p>Una de esas acciones, ejemplific\u00f3, es la modificaci\u00f3n de los modelos de producci\u00f3n hacia esquemas m\u00e1s sostenibles.<\/p>\n<p>De manera particular, se enlaz\u00f3 a los representantes de los Sistemas Producto con investigadores del Centro de Innovaci\u00f3n y Desarrollo Agroalimentario (CIDAM), para buscar la resoluci\u00f3n de problem\u00e1ticas identificadas en el sector, con un enfoque centrado en el incremento de la competitividad y el apoyo a la generaci\u00f3n de valor agregado a los productos.<\/p>\n<p>En consecuencia y para poner al servicio del sector productivo las capacidades de la investigaci\u00f3n, la innovaci\u00f3n y el desarrollo tecnol\u00f3gico, el CIDAM anunci\u00f3 que prepara un cat\u00e1logo de servicios y recab\u00f3 en esta reuni\u00f3n necesidades de los Sistemas-Producto para identificar las \u00e1reas donde se pueden desarrollar estudios, proyectos y desarrollos.<\/p>\n<p>Los representantes de Sistemas-Producto se\u00f1alaron diversas necesidades en materia de fomento agropecuario, sanidad vegetal y animal, variedades de cultivos, ciclo de vida de las hortalizas, entre otros; a lo que los investigadores adscritos al CIDAM respondieron que en distintos casos, sus competencias y capacidad operativa pueden incidir de manera positiva en el fortalecimiento de la producci\u00f3n y su valor agregado.<\/p>\n<p>Seraf\u00edn Aguado Guti\u00e9rrez, director del CIDAM, indic\u00f3 que la orientaci\u00f3n del Centro permite abordar tambi\u00e9n nuevos caminos, como el desarrollo de productos nutrac\u00e9uticos, antioxidantes, cultivos alternativos y aprovechamiento de la biodiversidad, ello en un marco de respeto al medio ambiente y los recursos naturales.<\/p>\n<p>Finalmente, Patricia Flores Anguiano asumi\u00f3 el compromiso de continuar trabajando a favor de la\u00a0 innovaci\u00f3n y el financiamiento necesario para fortalecer al sector agroalimentario, beneficiando a productores, jornaleros y toda la cadena de producci\u00f3n involucrada.<\/p>\n<p>Adicionalmente, se comprometieron pr\u00f3ximas reuniones con los productores en las diferentes regiones de la entidad, sumando trabajo de campo, articulaci\u00f3n con actores acad\u00e9micos, centros de investigaci\u00f3n y dependencias gubernamentales del sector, ello con el objetivo de abonar a la construcci\u00f3n y fortalecimiento de las vocaciones innovadoras del estado de Michoac\u00e1n.<\/p>\n<p>En esta reuni\u00f3n estuvieron presentes funcionarios de la Comisi\u00f3n de Pesca (Compesca), la Secretar\u00eda de Desarrollo Rural y Agroalimentario (Sedrua), Secretar\u00eda de Medio Ambiente, Recursos Naturales y Cambio Clim\u00e1tico (Semarnacc); as\u00ed como representantes del Ayuntamiento de Coeneo,instituciones de educaci\u00f3n superior, y Felipe Hinojosa Magad\u00e1n, presidente del Ejido de Nueva Italia, uno de los m\u00e1s grandes del pa\u00eds.<\/p>\n<p>Es de resaltar que los Sistemas Producto son entendidos como un conjunto de elementos y agentes que de manera concurrente inciden en procesos productivosde agricultura, pesqueros, pecuarios y acu\u00edcolas, en aspectos como el abastecimiento de equipo t\u00e9cnico, insumos y servicios de la producci\u00f3n primaria, acopio, transformaci\u00f3n, distribuci\u00f3n y comercializaci\u00f3n. La reuni\u00f3n cont\u00f3 con la asistencia de los presidentes y representantes de los Sistemas: Papa, Trucha, Mango, Bovinos-Leche, Oleaginosas, Bovinos-Carne, Lim\u00f3n, Fresa, entre otros.<\/p>\n","protected":false},"excerpt":{"rendered":"<p>En atenci\u00f3n a las instrucciones del Gobernador del Estado, Silvano Aureoles Conejo, de brindar atenci\u00f3n y vinculaci\u00f3n efectiva a los sectores productivos de la entidad, la SICDET, <\/p>\n","protected":false},"author":1,"featured_media":21380,"comment_status":"open","ping_status":"open","sticky":false,"template":"","format":"standard","meta":{"footnotes":""},"categories":[14,3],"tags":[],"class_list":["post-21379","post","type-post","status-publish","format-standard","has-post-thumbnail","hentry","category-destacadas","category-gobierno-del-estado-de-michoacan"],"_links":{"self":[{"href":"https:\/\/radiowebmx.com\/nota\/wp-json\/wp\/v2\/posts\/21379","targetHints":{"allow":["GET"]}}],"collection":[{"href":"https:\/\/radiowebmx.com\/nota\/wp-json\/wp\/v2\/posts"}],"about":[{"href":"https:\/\/radiowebmx.com\/nota\/wp-json\/wp\/v2\/types\/post"}],"author":[{"embeddable":true,"href":"https:\/\/radiowebmx.com\/nota\/wp-json\/wp\/v2\/users\/1"}],"replies":[{"embeddable":true,"href":"https:\/\/radiowebmx.com\/nota\/wp-json\/wp\/v2\/comments?post=21379"}],"version-history":[{"count":1,"href":"https:\/\/radiowebmx.com\/nota\/wp-json\/wp\/v2\/posts\/21379\/revisions"}],"predecessor-version":[{"id":21381,"href":"https:\/\/radiowebmx.com\/nota\/wp-json\/wp\/v2\/posts\/21379\/revisions\/21381"}],"wp:featuredmedia":[{"embeddable":true,"href":"https:\/\/radiowebmx.com\/nota\/wp-json\/wp\/v2\/media\/21380"}],"wp:attachment":[{"href":"https:\/\/radiowebmx.com\/nota\/wp-json\/wp\/v2\/media?parent=21379"}],"wp:term":[{"taxonomy":"category","embeddable":true,"href":"https:\/\/radiowebmx.com\/nota\/wp-json\/wp\/v2\/categories?post=21379"},{"taxonomy":"post_tag","embeddable":true,"href":"https:\/\/radiowebmx.com\/nota\/wp-json\/wp\/v2\/tags?post=21379"}],"curies":[{"name":"wp","href":"https:\/\/api.w.org\/{rel}","templated":true}]}}