{"id":21370,"date":"2016-02-08T11:46:12","date_gmt":"2016-02-08T17:46:12","guid":{"rendered":"https:\/\/radiowebmx.com\/nota\/?p=21370"},"modified":"2016-02-08T11:46:12","modified_gmt":"2016-02-08T17:46:12","slug":"nombran-a-rene-valencia-como-coordinador-de-regidores-de-movimiento-ciudadano","status":"publish","type":"post","link":"https:\/\/radiowebmx.com\/nota\/nombran-a-rene-valencia-como-coordinador-de-regidores-de-movimiento-ciudadano\/","title":{"rendered":"Nombran a Ren\u00e9 Valencia como Coordinador de Regidores de Movimiento Ciudadano"},"content":{"rendered":"<p class=\"ecxMsoNormal\"><a href=\"https:\/\/radiowebmx.com\/nota\/wp-content\/uploads\/2016\/02\/W-IMG_6548.jpg\"><img loading=\"lazy\" decoding=\"async\" class=\"alignleft size-full wp-image-21371\" src=\"https:\/\/radiowebmx.com\/nota\/wp-content\/uploads\/2016\/02\/W-IMG_6548.jpg\" alt=\"W-IMG_6548\" width=\"591\" height=\"308\" srcset=\"https:\/\/radiowebmx.com\/nota\/wp-content\/uploads\/2016\/02\/W-IMG_6548.jpg 591w, https:\/\/radiowebmx.com\/nota\/wp-content\/uploads\/2016\/02\/W-IMG_6548-300x156.jpg 300w\" sizes=\"auto, (max-width: 591px) 100vw, 591px\" \/><\/a>Con el objetivo de facilitar la coordinaci\u00f3n para agilizar la gesti\u00f3n, capacitaci\u00f3n y servicio p\u00fablico \u00e9ste fin de semana Ren\u00e9 Valencia, Regidor Ciudadano del Municipio de Jacona, fue nombrado como Coordinador de los Regidores de Movimiento Ciudadano de Michoac\u00e1n.<\/p>\n<p class=\"ecxMsoNormal\">Dicho nombramiento se dio en el marco del Primer Encuentro de Regidores de Movimiento Ciudadano, que se llev\u00f3 a cabo en la capital del estado, donde tambi\u00e9n fueron nombrados vicecoordinadores los regidores Fabiola Cerrite\u00f1o y Juan Audiel, de los municipios de Cuitzeo y Santa Ana Maya respectivamente.<\/p>\n<p class=\"ecxMsoNormal\">Este Primer Encuentro de Regidores de Movimiento Ciudadano fue presidido por el Coordinador Estatal de \u00e9sta organizaci\u00f3n pol\u00edtica, Daniel Moncada S\u00e1nchez, quien estuvo acompa\u00f1ado por los integrantes de la Comisi\u00f3n Operativa Estatal y el Presidente del Consejo Ciudadano Estatal, el ex candidato a la gubernatura, Manuel Ant\u00fanez Oviedo.<\/p>\n<p class=\"ecxMsoNormal\">En este contexto, cada uno de los Secretarios de la Comisi\u00f3n Operativa Estatal, dependiendo del \u00e1rea, ofrecieron capacitaci\u00f3n y acercaron herramientas a los regidores ciudadanos con el objetivo de que mejoren su gesti\u00f3n en los gobiernos donde les toca formar parte de los ayuntamientos, ya sea de los gobiernos emanados de Movimiento Ciudadano o donde les toca ser oposici\u00f3n.<\/p>\n<p class=\"ecxMsoNormal\">En este sentido, el dirigente estatal Daniel Moncada S\u00e1nchez, reconoci\u00f3 el trabajo que estos regidores han venido realizando en sus localidades, y les expuso que es primordial que ellos, desde su trinchera, ayuden a que los ciudadanos de sus municipios a empoderarse y a que tengan una mayor participaci\u00f3n en la construcci\u00f3n de una mejor realidad.<\/p>\n<p class=\"ecxMsoNormal\">As\u00ed mismo, el Coordinador Estatal de Movimiento Ciudadano llam\u00f3 a todos los regidores y a los alcaldes emanados de \u00e9sta organizaci\u00f3n pol\u00edtica a conducirse con Austeridad, Honestidad y Transparencia, demostrando que se puede gobernar con ejemplo, &#8220;la mejor forma de hacer pol\u00edtica es con buenos gobiernos&#8221;, finaliz\u00f3.<\/p>\n","protected":false},"excerpt":{"rendered":"<p>Con el objetivo de facilitar la coordinaci\u00f3n para agilizar la gesti\u00f3n, capacitaci\u00f3n y servicio p\u00fablico \u00e9ste fin de semana Ren\u00e9 Valencia, Regidor Ciudadano del Municipio de Jacona,<\/p>\n","protected":false},"author":1,"featured_media":21371,"comment_status":"open","ping_status":"open","sticky":false,"template":"","format":"standard","meta":{"footnotes":""},"categories":[14,18,11],"tags":[],"class_list":["post-21370","post","type-post","status-publish","format-standard","has-post-thumbnail","hentry","category-destacadas","category-movimiento-ciudadano","category-partidos-politicos"],"_links":{"self":[{"href":"https:\/\/radiowebmx.com\/nota\/wp-json\/wp\/v2\/posts\/21370","targetHints":{"allow":["GET"]}}],"collection":[{"href":"https:\/\/radiowebmx.com\/nota\/wp-json\/wp\/v2\/posts"}],"about":[{"href":"https:\/\/radiowebmx.com\/nota\/wp-json\/wp\/v2\/types\/post"}],"author":[{"embeddable":true,"href":"https:\/\/radiowebmx.com\/nota\/wp-json\/wp\/v2\/users\/1"}],"replies":[{"embeddable":true,"href":"https:\/\/radiowebmx.com\/nota\/wp-json\/wp\/v2\/comments?post=21370"}],"version-history":[{"count":1,"href":"https:\/\/radiowebmx.com\/nota\/wp-json\/wp\/v2\/posts\/21370\/revisions"}],"predecessor-version":[{"id":21372,"href":"https:\/\/radiowebmx.com\/nota\/wp-json\/wp\/v2\/posts\/21370\/revisions\/21372"}],"wp:featuredmedia":[{"embeddable":true,"href":"https:\/\/radiowebmx.com\/nota\/wp-json\/wp\/v2\/media\/21371"}],"wp:attachment":[{"href":"https:\/\/radiowebmx.com\/nota\/wp-json\/wp\/v2\/media?parent=21370"}],"wp:term":[{"taxonomy":"category","embeddable":true,"href":"https:\/\/radiowebmx.com\/nota\/wp-json\/wp\/v2\/categories?post=21370"},{"taxonomy":"post_tag","embeddable":true,"href":"https:\/\/radiowebmx.com\/nota\/wp-json\/wp\/v2\/tags?post=21370"}],"curies":[{"name":"wp","href":"https:\/\/api.w.org\/{rel}","templated":true}]}}