{"id":21361,"date":"2016-02-08T11:38:13","date_gmt":"2016-02-08T17:38:13","guid":{"rendered":"https:\/\/radiowebmx.com\/nota\/?p=21361"},"modified":"2016-02-08T11:38:13","modified_gmt":"2016-02-08T17:38:13","slug":"ni-un-apice-a-la-delincuencia-en-michoacan-silvano-aureoles","status":"publish","type":"post","link":"https:\/\/radiowebmx.com\/nota\/ni-un-apice-a-la-delincuencia-en-michoacan-silvano-aureoles\/","title":{"rendered":"Ni un \u00e1pice a la delincuencia en Michoac\u00e1n: Silvano Aureoles"},"content":{"rendered":"<p><a href=\"https:\/\/radiowebmx.com\/nota\/wp-content\/uploads\/2016\/02\/2bcee650-a321-4929-8113-c4d47b154f93.jpg\"><img loading=\"lazy\" decoding=\"async\" class=\"alignleft size-full wp-image-21362\" src=\"https:\/\/radiowebmx.com\/nota\/wp-content\/uploads\/2016\/02\/2bcee650-a321-4929-8113-c4d47b154f93.jpg\" alt=\"2bcee650-a321-4929-8113-c4d47b154f93\" width=\"591\" height=\"339\" srcset=\"https:\/\/radiowebmx.com\/nota\/wp-content\/uploads\/2016\/02\/2bcee650-a321-4929-8113-c4d47b154f93.jpg 591w, https:\/\/radiowebmx.com\/nota\/wp-content\/uploads\/2016\/02\/2bcee650-a321-4929-8113-c4d47b154f93-300x172.jpg 300w, https:\/\/radiowebmx.com\/nota\/wp-content\/uploads\/2016\/02\/2bcee650-a321-4929-8113-c4d47b154f93-128x72.jpg 128w\" sizes=\"auto, (max-width: 591px) 100vw, 591px\" \/><\/a>No vamos a permitir ni un \u00e1pice a los grupos delincuenciales que vuelvan a posicionarse de nuestro estado, enfatiz\u00f3 el Gobernador Constitucional Silvano Aureoles Conejo, al realizar una gira de trabajo por el municipio de Ixtl\u00e1n en donde inaugur\u00f3 diversas obras sociales con una inversi\u00f3n superior a los 5 millones de pesos.<\/p>\n<p>De igual forma, el mandatario entreg\u00f3 recursos del programa Fondo de Apoyo al Migrante (FAMI) por un monto de 3 millones 700 mil pesos destinados a 114 proyectos productivos y 356 apoyos para la vivienda para connacionales en retorno y sus familias, de los ayuntamientos de Ixtl\u00e1n, Vista Hermosa, Pajacuar\u00e1n, Tanganc\u00edcuaro y Venustiano Carranza.<\/p>\n<p>Ah\u00ed, Aureoles Conejo enfatiz\u00f3 que en materia de seguridad se trabaja muy fuerte y de manera coordinada\u00a0 con las instancias correspondientes, tras se\u00f1alar que es una de las funciones m\u00e1s importantes que tiene el Gobierno, por lo que\u00a0 se est\u00e1 actuando con toda oportunidad, particularmente en esta zona del estado.<\/p>\n<p>Agreg\u00f3 que se est\u00e1 invirtiendo mucho en seguridad con la mejor tecnolog\u00eda y con las mejores\u00a0 herramientas para la investigaci\u00f3n y la inteligencia, adem\u00e1s del trabajo conjunto con el Ej\u00e9rcito Mexicano, la Marina, Polic\u00eda Federal, PGR, CISEN, Secretar\u00eda de Gobernaci\u00f3n y con las instancias locales.<\/p>\n<p>Aureoles Conejo invit\u00f3 a la poblaci\u00f3n a denunciar cualquier situaci\u00f3n que atente contra la seguridad, al se\u00f1alar que la ciudadan\u00eda puede confiar en el Gobierno, \u201cy vamos actuar de inmediato para que este fen\u00f3meno no vuelva a agarrar tierra firme en Michoac\u00e1n, ahora que hemos bajado un 85 por ciento el secuestro y la extorsi\u00f3n\u201d.<\/p>\n<p>De igual forma, sostuvo que se acelerar\u00e1 el paso hasta tener un estado seguro con plenas libertades para que todo mundo pueda ejercer sus derechos, en tanto manifest\u00f3 a las y los alcaldes presentes que estar\u00e1 al pendiente de la regi\u00f3n y les solicit\u00f3 estar coordinados, en alerta total, al referir que esa es la principal manera de dar buenos resultados a la poblaci\u00f3n.<\/p>\n<p>Al hacer entrega de los apoyos del FAMI, el Gobernador Silvano Aureoles destac\u00f3 que Michoac\u00e1n es un estado binacional y subray\u00f3 la necesidad de generar acciones para impulsar a sector de la poblaci\u00f3n, por ello destac\u00f3 los recursos entregados con el fin de apoyar a los connacionales en retorno y sus familias.<\/p>\n<p>Reconoci\u00f3 el papel que juegan los migrantes, por lo que a finales del mes se realizar\u00e1n los Foros de Consulta para la conformaci\u00f3n del Plan de Desarrollo Integral 2015-2021 en la Uni\u00f3n Americana, ya que con su aportaci\u00f3n, se construir\u00e1n mejores pol\u00edticas p\u00fablicas para el sector.<\/p>\n<p>Aureoles Conejo reiter\u00f3 que pronto enviar\u00e1 al Congreso local, la iniciativa de reforma para que Michoac\u00e1n abra dos espacios para una diputada y para un diputado migrante en el Poder Legislativo, adem\u00e1s de otra reforma para endurecer las penas para castigar la trata de personas en la entidad.<\/p>\n<p>Destac\u00f3 adem\u00e1s que se trabaja en el proyecto para crear el Banco de los Migrantes, para ayudar a ellos y a sus familias; dicha instituci\u00f3n financiera permitir\u00e1 que el dinero que env\u00eden sea de manera segura, que una parte se quede para ahorro de los propios connacionales y otra para inversi\u00f3n productiva.<\/p>\n<p>Finalmente, el jefe del Ejecutivo estatal refiri\u00f3 que el Gobierno tiene que hacer la parte que le toca de generar condiciones para apoyar a las y los migrantes y para que los j\u00f3venes no tengan del estado que irse por necesidad.<\/p>\n<p>El secretario de los Migrantes, Jos\u00e9 Luis Guti\u00e9rrez, precis\u00f3 que el monto entregado del FAMI fue de 3 millones 700 mil pesos con lo cual se generar\u00e1 autoempleo y oportunidades para este sector y sus familias, lo que dijo, es resultado de la pol\u00edtica incluyente y visionaria del mandatario Silvano Aureoles, quien piensa en los michoacanos que viven dentro del estado pero tambi\u00e9n los que est\u00e1n fuera de la frontera.<\/p>\n<p>En un segundo punto, Aureoles Conejo acompa\u00f1ado de funcionarios de los tres \u00f3rdenes de gobierno, inaugur\u00f3\u00a0 la Caravana de Servicios Integrales #CercaDeTi en esta cabecera municipal, a trav\u00e9s de la cual el Sistema DIF estatal, las Secretar\u00edas de Salud, de Igualdad Sustantiva y Desarrollo de las Mujeres, de Pol\u00edtica Social y el Registro Civil, acercaron servicios y programas a los municipios de la regi\u00f3n para acercar la atenci\u00f3n a la ciudadan\u00eda.<\/p>\n<p>En este marco, Silvano Aureoles dijo que una de las principales preocupaciones de su administraci\u00f3n es c\u00f3mo generar una mejor calidad de vida para la gente y sobre todo para los m\u00e1s necesitados, por lo que pronto se iniciar\u00e1n diversos programas sociales dirigidos a las personas con discapacidad, adultas y adultos mayores, madres solteras tanto jefas de familia como adolescentes.<\/p>\n<p>De igual forma, el Gobernador hizo un recorrido por las comunidades de El Salitre, El Colongo, El Rinc\u00f3n del Mezquite y La Estanzuela, donde inaugur\u00f3 pavimentaci\u00f3n de calles y canchas de usos m\u00faltiples, acciones en las que se invirtieron poco m\u00e1s de 5 millones de pesos, recurso que etiquet\u00f3 siendo diputado federal.<\/p>\n<p>En las tenencias de Rinc\u00f3n del Mezquite inaugur\u00f3 la pavimentaci\u00f3n con concreto hidr\u00e1ulico de la calle Ju\u00e1rez, en donde se invirtieron un mill\u00f3n 864 mil 727.36 pesos, as\u00ed como la calle Emiliano Zapata en El Salitre por un monto de 2 millones 091 mil 333 pesos; m\u00e1s tarde se traslad\u00f3 a El Colongo y la Estanzuela en donde cort\u00f3 el list\u00f3n de dos canchas de usos m\u00faltiples con una inversi\u00f3n de 539 mil 976.72 pesos por cada una.<\/p>\n<p>El mandatario michoacano escuch\u00f3 diversas peticiones en las distintas comunidades as\u00ed como por parte del alcalde de Ixtl\u00e1n, \u00c1ngel Rafael Mac\u00edas Mora, marco en que se comprometi\u00f3 a apoyar con diversas acciones sociales, as\u00ed como en fortalecer la agroindustria, adem\u00e1s\u00a0 de obras en materia educativa y de salud, en este rubro precis\u00f3 que el municipio cuenta con un abasto del 97.8 por ciento de medicamentos.<\/p>\n<p>Cabe se\u00f1alar que en su visita a Ixtl\u00e1n, el mandatario entreg\u00f3 una patrulla, as\u00ed como diez sillas de ruedas y diez computadoras.<\/p>\n<p>A la gira de trabajo tambi\u00e9n asistieron, el general Jos\u00e9 Francisco Morales C\u00e1zares, comandante de la 21 Zona Militar; la secretaria de Igualdad Sustantiva y\u00a0 Desarrollo de las Mujeres Michoacanas, Fabiola Alan\u00eds S\u00e1mano; Marco Aurelio Nava Cervantes, secretario Particular del Gobernador; la directora del Instituto de la Juventud Michoacana, Giulliana Bugarini Torres; el gerente estatal de Liconsa, Ger\u00f3nimo Color Gasca; la diputada federal, Rosa Alicia \u00c1lvarez Pi\u00f1ones; los legisladores locales, Adriana Campos Huirache, Adriana Hern\u00e1ndez I\u00f1iguez y Pascual Sigala P\u00e1ez; as\u00ed como el director del Registro\u00a0 Civil, Hugo Gama Coria y alcaldes de los diversos ayuntamientos de la regi\u00f3n.<\/p>\n","protected":false},"excerpt":{"rendered":"<p>No vamos a permitir ni un \u00e1pice a los grupos delincuenciales que vuelvan a posicionarse de nuestro estado, enfatiz\u00f3 el Gobernador Constitucional Silvano Aureoles Conejo, <\/p>\n","protected":false},"author":1,"featured_media":21362,"comment_status":"open","ping_status":"open","sticky":false,"template":"","format":"standard","meta":{"footnotes":""},"categories":[14,3],"tags":[],"class_list":["post-21361","post","type-post","status-publish","format-standard","has-post-thumbnail","hentry","category-destacadas","category-gobierno-del-estado-de-michoacan"],"_links":{"self":[{"href":"https:\/\/radiowebmx.com\/nota\/wp-json\/wp\/v2\/posts\/21361","targetHints":{"allow":["GET"]}}],"collection":[{"href":"https:\/\/radiowebmx.com\/nota\/wp-json\/wp\/v2\/posts"}],"about":[{"href":"https:\/\/radiowebmx.com\/nota\/wp-json\/wp\/v2\/types\/post"}],"author":[{"embeddable":true,"href":"https:\/\/radiowebmx.com\/nota\/wp-json\/wp\/v2\/users\/1"}],"replies":[{"embeddable":true,"href":"https:\/\/radiowebmx.com\/nota\/wp-json\/wp\/v2\/comments?post=21361"}],"version-history":[{"count":1,"href":"https:\/\/radiowebmx.com\/nota\/wp-json\/wp\/v2\/posts\/21361\/revisions"}],"predecessor-version":[{"id":21363,"href":"https:\/\/radiowebmx.com\/nota\/wp-json\/wp\/v2\/posts\/21361\/revisions\/21363"}],"wp:featuredmedia":[{"embeddable":true,"href":"https:\/\/radiowebmx.com\/nota\/wp-json\/wp\/v2\/media\/21362"}],"wp:attachment":[{"href":"https:\/\/radiowebmx.com\/nota\/wp-json\/wp\/v2\/media?parent=21361"}],"wp:term":[{"taxonomy":"category","embeddable":true,"href":"https:\/\/radiowebmx.com\/nota\/wp-json\/wp\/v2\/categories?post=21361"},{"taxonomy":"post_tag","embeddable":true,"href":"https:\/\/radiowebmx.com\/nota\/wp-json\/wp\/v2\/tags?post=21361"}],"curies":[{"name":"wp","href":"https:\/\/api.w.org\/{rel}","templated":true}]}}