{"id":21358,"date":"2016-02-08T11:31:59","date_gmt":"2016-02-08T17:31:59","guid":{"rendered":"https:\/\/radiowebmx.com\/nota\/?p=21358"},"modified":"2016-02-08T11:32:11","modified_gmt":"2016-02-08T17:32:11","slug":"por-vez-primera-imumo-aplica-encuestas-para-conocer-las-necesidades-de-las-morelianas","status":"publish","type":"post","link":"https:\/\/radiowebmx.com\/nota\/por-vez-primera-imumo-aplica-encuestas-para-conocer-las-necesidades-de-las-morelianas\/","title":{"rendered":"Por vez primera, IMUMO aplica encuestas para conocer las necesidades de las morelianas"},"content":{"rendered":"<p><a href=\"https:\/\/radiowebmx.com\/nota\/wp-content\/uploads\/2016\/02\/c876c491-acdc-42ef-98a5-e88681bf1bd6.jpg\"><img loading=\"lazy\" decoding=\"async\" class=\"alignleft size-full wp-image-21359\" src=\"https:\/\/radiowebmx.com\/nota\/wp-content\/uploads\/2016\/02\/c876c491-acdc-42ef-98a5-e88681bf1bd6.jpg\" alt=\"c876c491-acdc-42ef-98a5-e88681bf1bd6\" width=\"591\" height=\"357\" srcset=\"https:\/\/radiowebmx.com\/nota\/wp-content\/uploads\/2016\/02\/c876c491-acdc-42ef-98a5-e88681bf1bd6.jpg 591w, https:\/\/radiowebmx.com\/nota\/wp-content\/uploads\/2016\/02\/c876c491-acdc-42ef-98a5-e88681bf1bd6-300x181.jpg 300w\" sizes=\"auto, (max-width: 591px) 100vw, 591px\" \/><\/a>Con el inter\u00e9s de conocer las brechas de desigualdad que existen entre los hombres y las\u00a0 mujeres\u00a0 que habitan en el municipio, el Instituto de la Mujer Moreliana (IMUMO), arranc\u00f3 por vez primera con la aplicaci\u00f3n de una encuesta piloto en diversas zonas de la ciudad, el resultado permitir\u00e1 dise\u00f1ar e instrumentar estrategias de atenci\u00f3n con perspectiva de g\u00e9nero.<\/p>\n<p>Tras se\u00f1alar lo anterior, Carmen Alicia Ojeda D\u00e1vila, titular de la paramunicipal, inform\u00f3 que esta encuesta forma parte del Programa Operativo Anual (POA) del IMUMO, y su objetivo es hacer visibles las inequidades y proponer mecanismos que permitan la igualdad de oportunidades a las mujeres.<\/p>\n<p>\u201cCumpliendo con la instrucci\u00f3n del Presidente Municipal Alfonso Mart\u00ednez Alc\u00e1zar, de garantizar una vida libre de violencia y\u00a0 de oportunidades de desarrollo a las mujeres, la encuesta se convierte en una herramienta de trabajo indispensable para analizar la efectividad de las pol\u00edticas p\u00fablicas implementadas con esa finalidad\u201d, afirm\u00f3.<\/p>\n<p>La directora del Instituto inform\u00f3 que las encuestas se realizar\u00e1n en 23 colonias seleccionadas, las cuales se eligieron de manera aleatoria, tomando en cuenta el Programa Nacional de Prevenci\u00f3n del Delito (PRONAPRED), el de Apoyo a Instancias de Mujeres en las entidades federativas y el Programa H\u00e1bitat, determinando las \u00e1reas de mayor marginaci\u00f3n en la capital del estado.<\/p>\n<p>En este marco, puntualiz\u00f3 que en la colonia Las Flores y la Tenencia de\u00a0 San Nicol\u00e1s Obispo, arranc\u00f3 la encuesta, cuya metodolog\u00eda tiene como objetivo analizar las condiciones y necesidades de las mujeres y hombres que habitan en dichas zona de la ciudad. \u201cEl resultado permitir\u00e1 avanzar en la construcci\u00f3n de la equidad de g\u00e9nero en el municipio\u201d, acot\u00f3 Ojeda D\u00e1vila.<\/p>\n<p>Asimismo,\u00a0 refiri\u00f3 que en base a los resultados de la encuesta, tambi\u00e9n se podr\u00e1n establecer patrones en el destino y orientaci\u00f3n de los recursos p\u00fablicos, monitorear el desempe\u00f1o de los programas dirigidos a apoyar a las mujeres morelianas\u00a0 y evaluar el impacto de las acciones p\u00fablicas encaminadas a proteger los derechos humanos de las mismas.<\/p>\n<p>De igual forma, subray\u00f3 el funcionaria municipal, el inter\u00e9s es mejorar los niveles de bienestar de las mujeres, y de manera coordinada con otras instancias de gobierno coadyuvar a que personas de escasos recursos y sin oportunidades laborales obtengan apoyos para desarrollar actividades productivas y se auto empleen.<\/p>\n<p>Finalmente, afirm\u00f3 que las encuestas se continuar\u00e1n aplicando en diversas colonias de la ciudad, as\u00ed como en los pol\u00edgonos calificados como de alta marginaci\u00f3n, hasta contar con un mapa general del municipio que pueda ser confiable y el cual en casi diez a\u00f1os de la fundaci\u00f3n del IMUMO no se hab\u00eda hecho.<\/p>\n","protected":false},"excerpt":{"rendered":"<p>Con el inter\u00e9s de conocer las brechas de desigualdad que existen entre los hombres y las  mujeres  que habitan en el municipio, el IMUMO, arranc\u00f3 por vez primera con la aplicaci\u00f3n de una encuesta piloto en diversas zonas de la ciudad, <\/p>\n","protected":false},"author":1,"featured_media":21359,"comment_status":"open","ping_status":"open","sticky":false,"template":"","format":"standard","meta":{"footnotes":""},"categories":[14,9],"tags":[],"class_list":["post-21358","post","type-post","status-publish","format-standard","has-post-thumbnail","hentry","category-destacadas","category-morelia"],"_links":{"self":[{"href":"https:\/\/radiowebmx.com\/nota\/wp-json\/wp\/v2\/posts\/21358","targetHints":{"allow":["GET"]}}],"collection":[{"href":"https:\/\/radiowebmx.com\/nota\/wp-json\/wp\/v2\/posts"}],"about":[{"href":"https:\/\/radiowebmx.com\/nota\/wp-json\/wp\/v2\/types\/post"}],"author":[{"embeddable":true,"href":"https:\/\/radiowebmx.com\/nota\/wp-json\/wp\/v2\/users\/1"}],"replies":[{"embeddable":true,"href":"https:\/\/radiowebmx.com\/nota\/wp-json\/wp\/v2\/comments?post=21358"}],"version-history":[{"count":1,"href":"https:\/\/radiowebmx.com\/nota\/wp-json\/wp\/v2\/posts\/21358\/revisions"}],"predecessor-version":[{"id":21360,"href":"https:\/\/radiowebmx.com\/nota\/wp-json\/wp\/v2\/posts\/21358\/revisions\/21360"}],"wp:featuredmedia":[{"embeddable":true,"href":"https:\/\/radiowebmx.com\/nota\/wp-json\/wp\/v2\/media\/21359"}],"wp:attachment":[{"href":"https:\/\/radiowebmx.com\/nota\/wp-json\/wp\/v2\/media?parent=21358"}],"wp:term":[{"taxonomy":"category","embeddable":true,"href":"https:\/\/radiowebmx.com\/nota\/wp-json\/wp\/v2\/categories?post=21358"},{"taxonomy":"post_tag","embeddable":true,"href":"https:\/\/radiowebmx.com\/nota\/wp-json\/wp\/v2\/tags?post=21358"}],"curies":[{"name":"wp","href":"https:\/\/api.w.org\/{rel}","templated":true}]}}