{"id":21355,"date":"2016-02-08T11:27:12","date_gmt":"2016-02-08T17:27:12","guid":{"rendered":"https:\/\/radiowebmx.com\/nota\/?p=21355"},"modified":"2016-02-08T11:27:12","modified_gmt":"2016-02-08T17:27:12","slug":"arranco-la-segunda-fase-de-limpieza-en-la-periferia-de-morelia","status":"publish","type":"post","link":"https:\/\/radiowebmx.com\/nota\/arranco-la-segunda-fase-de-limpieza-en-la-periferia-de-morelia\/","title":{"rendered":"Arranc\u00f3 la segunda fase de limpieza en la periferia de Morelia"},"content":{"rendered":"<p><a href=\"https:\/\/radiowebmx.com\/nota\/wp-content\/uploads\/2016\/02\/3cc959b4-e9fa-4ff9-ab88-29784ba1f213.jpg\"><img loading=\"lazy\" decoding=\"async\" class=\"alignleft size-full wp-image-21356\" src=\"https:\/\/radiowebmx.com\/nota\/wp-content\/uploads\/2016\/02\/3cc959b4-e9fa-4ff9-ab88-29784ba1f213.jpg\" alt=\"3cc959b4-e9fa-4ff9-ab88-29784ba1f213\" width=\"591\" height=\"357\" srcset=\"https:\/\/radiowebmx.com\/nota\/wp-content\/uploads\/2016\/02\/3cc959b4-e9fa-4ff9-ab88-29784ba1f213.jpg 591w, https:\/\/radiowebmx.com\/nota\/wp-content\/uploads\/2016\/02\/3cc959b4-e9fa-4ff9-ab88-29784ba1f213-300x181.jpg 300w\" sizes=\"auto, (max-width: 591px) 100vw, 591px\" \/><\/a>La ma\u00f1ana de este domingo, arranc\u00f3 la segunda fase del operativo Perif\u00e9rico, que consiste en pintar las patas de \u00e1rboles, quitar propaganda, grafitis y barrido manual.<\/p>\n<p>El secretario de Servicios P\u00fablicos, Jos\u00e9 Luis Gil V\u00e1zquez, agradeci\u00f3 la participaci\u00f3n de Roberto Anguiano, Karina Tapia B\u00e1ez, Alfredo Ochoa Vences, Marco Antonio Terreros Vega, Carlos Brito Silva, Baltasar Huerta, Rogelio Campos Corral, Marcos Peres Garc\u00eda, V\u00edctor Vargas, l\u00edderes de empresas recolectoras de esta ciudad y al personal de Residuos S\u00f3lidos, perteneciente al Sindicato de Limpia y Transporte, quienes se organizaron para cubrir toda la periferia de la ciudad.<\/p>\n<p>El funcionario municipal, reiter\u00f3 el llamado a la ciudadan\u00eda del Alcalde, Alfonso Mart\u00ednez Alc\u00e1zar,\u00a0 de mantener limpia la ciudad y barrer el frente de su casa para conservar la buena imagen de la capital de Michoac\u00e1n.<\/p>\n<p>El encargado de dar el arranque a esta segunda etapa fue el secretario de Servicios P\u00fablicos, Jos\u00e9 Luis Gil, quien estuvo acompa\u00f1ado por el director de Residuos S\u00f3lidos, Paulino Vel\u00e1zquez Mart\u00ednez, los cuales supervisaron el trabajo sobre toda la periferia.<br \/>\nGil V\u00e1zquez, agradeci\u00f3 el apoyo de las personas que participaron ya que este programa, dijo, tiene un beneficio directo para toda la ciudadan\u00eda.<\/p>\n<p>&#8220;La contribuci\u00f3n de los morelianos no solamente debe enfocarse en el recorrido que har\u00e1 el Papa, sino en la limpieza de las calles, ensuciar lo menos posible las \u00e1reas p\u00fablicas, ya que hay gente que arroja desperdicios por las ventanas de los veh\u00edculos, provocando con ello una imagen desagradable de Morelia&#8221;, se\u00f1al\u00f3.<\/p>\n<p>En el operativo participaron 450 personas de las empresas recolectoras y\u00a0 150 personas de Residuos S\u00f3lidos, pertenecientes al Sindicato de Limpia y Transporte.<\/p>\n","protected":false},"excerpt":{"rendered":"<p>La ma\u00f1ana de este domingo, arranc\u00f3 la segunda fase del operativo Perif\u00e9rico, que consiste en pintar las patas de \u00e1rboles, quitar propaganda, grafitis y barrido manual.<\/p>\n","protected":false},"author":1,"featured_media":21356,"comment_status":"open","ping_status":"open","sticky":false,"template":"","format":"standard","meta":{"footnotes":""},"categories":[14,9],"tags":[],"class_list":["post-21355","post","type-post","status-publish","format-standard","has-post-thumbnail","hentry","category-destacadas","category-morelia"],"_links":{"self":[{"href":"https:\/\/radiowebmx.com\/nota\/wp-json\/wp\/v2\/posts\/21355","targetHints":{"allow":["GET"]}}],"collection":[{"href":"https:\/\/radiowebmx.com\/nota\/wp-json\/wp\/v2\/posts"}],"about":[{"href":"https:\/\/radiowebmx.com\/nota\/wp-json\/wp\/v2\/types\/post"}],"author":[{"embeddable":true,"href":"https:\/\/radiowebmx.com\/nota\/wp-json\/wp\/v2\/users\/1"}],"replies":[{"embeddable":true,"href":"https:\/\/radiowebmx.com\/nota\/wp-json\/wp\/v2\/comments?post=21355"}],"version-history":[{"count":1,"href":"https:\/\/radiowebmx.com\/nota\/wp-json\/wp\/v2\/posts\/21355\/revisions"}],"predecessor-version":[{"id":21357,"href":"https:\/\/radiowebmx.com\/nota\/wp-json\/wp\/v2\/posts\/21355\/revisions\/21357"}],"wp:featuredmedia":[{"embeddable":true,"href":"https:\/\/radiowebmx.com\/nota\/wp-json\/wp\/v2\/media\/21356"}],"wp:attachment":[{"href":"https:\/\/radiowebmx.com\/nota\/wp-json\/wp\/v2\/media?parent=21355"}],"wp:term":[{"taxonomy":"category","embeddable":true,"href":"https:\/\/radiowebmx.com\/nota\/wp-json\/wp\/v2\/categories?post=21355"},{"taxonomy":"post_tag","embeddable":true,"href":"https:\/\/radiowebmx.com\/nota\/wp-json\/wp\/v2\/tags?post=21355"}],"curies":[{"name":"wp","href":"https:\/\/api.w.org\/{rel}","templated":true}]}}