{"id":21290,"date":"2016-02-04T12:58:53","date_gmt":"2016-02-04T18:58:53","guid":{"rendered":"https:\/\/radiowebmx.com\/nota\/?p=21290"},"modified":"2016-02-04T12:58:53","modified_gmt":"2016-02-04T18:58:53","slug":"en-michoacan-se-impulsara-la-contraloria-social-senala-la-secoem","status":"publish","type":"post","link":"https:\/\/radiowebmx.com\/nota\/en-michoacan-se-impulsara-la-contraloria-social-senala-la-secoem\/","title":{"rendered":"En Michoac\u00e1n se impulsar\u00e1 la contralor\u00eda social, se\u00f1ala la SECOEM"},"content":{"rendered":"<p><a href=\"https:\/\/radiowebmx.com\/nota\/wp-content\/uploads\/2016\/02\/408e4528-84c2-44b3-b21f-7eff5e2580a9.jpg\"><img loading=\"lazy\" decoding=\"async\" class=\"alignleft size-full wp-image-21291\" src=\"https:\/\/radiowebmx.com\/nota\/wp-content\/uploads\/2016\/02\/408e4528-84c2-44b3-b21f-7eff5e2580a9.jpg\" alt=\"408e4528-84c2-44b3-b21f-7eff5e2580a9\" width=\"591\" height=\"291\" srcset=\"https:\/\/radiowebmx.com\/nota\/wp-content\/uploads\/2016\/02\/408e4528-84c2-44b3-b21f-7eff5e2580a9.jpg 591w, https:\/\/radiowebmx.com\/nota\/wp-content\/uploads\/2016\/02\/408e4528-84c2-44b3-b21f-7eff5e2580a9-300x148.jpg 300w\" sizes=\"auto, (max-width: 591px) 100vw, 591px\" \/><\/a>Por instrucciones de la titular de la Secretar\u00eda de Contralor\u00eda del Estado de Michoac\u00e1n (SECOEM), Silvia Estrada Esquivel, se llev\u00f3 a cabo la primera jornada de capacitaci\u00f3n para las y los servidores p\u00fablicos que laboran en la direcci\u00f3n de Contralor\u00eda Social.<\/p>\n<p>Para contar con personal m\u00e1s preparado y darle realce a las actividades que se emprender\u00e1n durante este a\u00f1o, la subsecretaria de Contralor\u00eda Social de la SECOEM, Laura Gonz\u00e1lez Mart\u00ednez, reforz\u00f3 los mecanismos de operaci\u00f3n con los enlaces regionales.<\/p>\n<p>Refrend\u00f3 que en la administraci\u00f3n estatal que encabeza el Gobernador Silvano Aureoles Conejo, el compromiso es trabajar con la constancia de la transparencia y la rendici\u00f3n de cuentas. Por tal motivo es necesario impulsar a las contralor\u00edas sociales en los municipios y las contralor\u00edas internas en las dependencias de la administraci\u00f3n p\u00fablica estatal.<\/p>\n<p>Durante la jornada de capacitaci\u00f3n, la secretaria t\u00e9cnica de la SECOEM, Mar\u00eda del Carmen L\u00f3pez Herrej\u00f3n, explic\u00f3 las actividades que se realizan en la dependencia y el papel que se desempe\u00f1a en cada direcci\u00f3n.<\/p>\n<p>Cabe mencionar que el evento cont\u00f3 con la presencia de personal de la Comisi\u00f3n Estatal de Cultura F\u00edsica y Deporte para la activaci\u00f3n f\u00edsica de los participantes.<\/p>\n<p>En su intervenci\u00f3n, la trabajadora social Sonia Margarita M\u00e9ndez Hurtado, quien tiene experiencia en el \u00e1mbito de la contralor\u00eda social de los programas federales que se manejan en Michoac\u00e1n, ahond\u00f3 en la integraci\u00f3n de los comit\u00e9s municipales para los programas y obras, el apego a lineamientos y la conformaci\u00f3n de las quejas y denuncias hechas por los beneficiarios y ciudadanos en general.<\/p>\n","protected":false},"excerpt":{"rendered":"<p>Por instrucciones de la titular de la SECOEM, Silvia Estrada Esquivel, se llev\u00f3 a cabo la primera jornada de capacitaci\u00f3n para las y los servidores p\u00fablicos que laboran en la direcci\u00f3n de Contralor\u00eda Social.<\/p>\n","protected":false},"author":1,"featured_media":21291,"comment_status":"open","ping_status":"open","sticky":false,"template":"","format":"standard","meta":{"footnotes":""},"categories":[14,3],"tags":[],"class_list":["post-21290","post","type-post","status-publish","format-standard","has-post-thumbnail","hentry","category-destacadas","category-gobierno-del-estado-de-michoacan"],"_links":{"self":[{"href":"https:\/\/radiowebmx.com\/nota\/wp-json\/wp\/v2\/posts\/21290","targetHints":{"allow":["GET"]}}],"collection":[{"href":"https:\/\/radiowebmx.com\/nota\/wp-json\/wp\/v2\/posts"}],"about":[{"href":"https:\/\/radiowebmx.com\/nota\/wp-json\/wp\/v2\/types\/post"}],"author":[{"embeddable":true,"href":"https:\/\/radiowebmx.com\/nota\/wp-json\/wp\/v2\/users\/1"}],"replies":[{"embeddable":true,"href":"https:\/\/radiowebmx.com\/nota\/wp-json\/wp\/v2\/comments?post=21290"}],"version-history":[{"count":1,"href":"https:\/\/radiowebmx.com\/nota\/wp-json\/wp\/v2\/posts\/21290\/revisions"}],"predecessor-version":[{"id":21292,"href":"https:\/\/radiowebmx.com\/nota\/wp-json\/wp\/v2\/posts\/21290\/revisions\/21292"}],"wp:featuredmedia":[{"embeddable":true,"href":"https:\/\/radiowebmx.com\/nota\/wp-json\/wp\/v2\/media\/21291"}],"wp:attachment":[{"href":"https:\/\/radiowebmx.com\/nota\/wp-json\/wp\/v2\/media?parent=21290"}],"wp:term":[{"taxonomy":"category","embeddable":true,"href":"https:\/\/radiowebmx.com\/nota\/wp-json\/wp\/v2\/categories?post=21290"},{"taxonomy":"post_tag","embeddable":true,"href":"https:\/\/radiowebmx.com\/nota\/wp-json\/wp\/v2\/tags?post=21290"}],"curies":[{"name":"wp","href":"https:\/\/api.w.org\/{rel}","templated":true}]}}