{"id":21287,"date":"2016-02-04T12:54:40","date_gmt":"2016-02-04T18:54:40","guid":{"rendered":"https:\/\/radiowebmx.com\/nota\/?p=21287"},"modified":"2016-02-04T12:54:40","modified_gmt":"2016-02-04T18:54:40","slug":"fortalece-el-cobaem-la-formacion-de-sus-directivos","status":"publish","type":"post","link":"https:\/\/radiowebmx.com\/nota\/fortalece-el-cobaem-la-formacion-de-sus-directivos\/","title":{"rendered":"Fortalece el Cobaem la formaci\u00f3n de sus directivos"},"content":{"rendered":"<p><a href=\"https:\/\/radiowebmx.com\/nota\/wp-content\/uploads\/2016\/02\/18a3ef9a-5dc5-4abb-b8be-c57bd0e00626.jpg\"><img loading=\"lazy\" decoding=\"async\" class=\"alignleft size-full wp-image-21288\" src=\"https:\/\/radiowebmx.com\/nota\/wp-content\/uploads\/2016\/02\/18a3ef9a-5dc5-4abb-b8be-c57bd0e00626.jpg\" alt=\"18a3ef9a-5dc5-4abb-b8be-c57bd0e00626\" width=\"591\" height=\"281\" srcset=\"https:\/\/radiowebmx.com\/nota\/wp-content\/uploads\/2016\/02\/18a3ef9a-5dc5-4abb-b8be-c57bd0e00626.jpg 591w, https:\/\/radiowebmx.com\/nota\/wp-content\/uploads\/2016\/02\/18a3ef9a-5dc5-4abb-b8be-c57bd0e00626-300x143.jpg 300w\" sizes=\"auto, (max-width: 591px) 100vw, 591px\" \/><\/a>La Direcci\u00f3n General del Colegio de Bachilleres del Estado de Michoac\u00e1n (Cobaem), a trav\u00e9s de la Direcci\u00f3n Acad\u00e9mica, inaugur\u00f3 el Diplomado en Formaci\u00f3n Directiva, dentro de los Cursos Intersemestrales 2016-I.<\/p>\n<p>El objetivo de esta actividad, que concluir\u00e1 el viernes pr\u00f3ximo, es capacitar al personal directivo del Colegio en cuanto a perfiles, par\u00e1metros e indicadores para la promoci\u00f3n a cargos con funciones de Direcci\u00f3n en el nivel educativo medio superior.<\/p>\n<p>En la Facultad de Historia de la Universidad Michoacana de San Nicol\u00e1s de Hidalgo (UMSNH), el director general del Cobaem, Alejandro Bustos Aguilar, destac\u00f3 la importancia de este tipo de acciones y asever\u00f3 que los directivos del Colegio estar\u00e1n preparados para los procesos de evaluaci\u00f3n directiva, que forman parte de la reforma educativa.<\/p>\n<p>La directora de Educaci\u00f3n Media Superior, Patricia Manr\u00edquez Zavala, quien asisti\u00f3 con la representaci\u00f3n de la titular de la Secretar\u00eda de Educaci\u00f3n en el Estado, Silvia Figueroa Zamudio, fue la encargada de inaugurar los cursos y resalt\u00f3 que los directivos del Cobaem tienen la responsabilidad de formar a m\u00e1s de 46 mil alumnos michoacanos, quienes est\u00e1n en proceso de elegir su futuro.<\/p>\n<p>Tambi\u00e9n asistieron al evento el coordinador general del Bachillerato de la UMSNH,\u00a0Mart\u00edn Paz Hurtado; la directora de la Facultad de Historia de la UMSNH, Tzutzuqui Heredia Pacheco; el director acad\u00e9mico del Cobaem, Gonzalo Ferreyra Garc\u00eda; el director de Planeaci\u00f3n Educativa, Jes\u00fas Vega Covarrubias; el delegado administrativo, Virgilio Ocampo Barrueta; la directora de la DENE, Rosalba Mora Galv\u00e1n; el coordinador de Oficinas Centrales, Roberto Ambriz Mendoza; el l\u00edder de Proyectos, Elio N\u00fa\u00f1ez Rueda; el enlace jur\u00eddico, Leopoldo Mart\u00ednez Medina; el secretario general del SITCBEM, Eduardo Mendoza Andrade; y el presidente del FESEMESS, Gaspar Romero Campos.<\/p>\n","protected":false},"excerpt":{"rendered":"<p>La Direcci\u00f3n General del Cobaem, a trav\u00e9s de la Direcci\u00f3n Acad\u00e9mica, inaugur\u00f3 el Diplomado en Formaci\u00f3n Directiva, dentro de los Cursos Intersemestrales 2016-I.<\/p>\n","protected":false},"author":1,"featured_media":21288,"comment_status":"open","ping_status":"open","sticky":false,"template":"","format":"standard","meta":{"footnotes":""},"categories":[14,3],"tags":[],"class_list":["post-21287","post","type-post","status-publish","format-standard","has-post-thumbnail","hentry","category-destacadas","category-gobierno-del-estado-de-michoacan"],"_links":{"self":[{"href":"https:\/\/radiowebmx.com\/nota\/wp-json\/wp\/v2\/posts\/21287","targetHints":{"allow":["GET"]}}],"collection":[{"href":"https:\/\/radiowebmx.com\/nota\/wp-json\/wp\/v2\/posts"}],"about":[{"href":"https:\/\/radiowebmx.com\/nota\/wp-json\/wp\/v2\/types\/post"}],"author":[{"embeddable":true,"href":"https:\/\/radiowebmx.com\/nota\/wp-json\/wp\/v2\/users\/1"}],"replies":[{"embeddable":true,"href":"https:\/\/radiowebmx.com\/nota\/wp-json\/wp\/v2\/comments?post=21287"}],"version-history":[{"count":1,"href":"https:\/\/radiowebmx.com\/nota\/wp-json\/wp\/v2\/posts\/21287\/revisions"}],"predecessor-version":[{"id":21289,"href":"https:\/\/radiowebmx.com\/nota\/wp-json\/wp\/v2\/posts\/21287\/revisions\/21289"}],"wp:featuredmedia":[{"embeddable":true,"href":"https:\/\/radiowebmx.com\/nota\/wp-json\/wp\/v2\/media\/21288"}],"wp:attachment":[{"href":"https:\/\/radiowebmx.com\/nota\/wp-json\/wp\/v2\/media?parent=21287"}],"wp:term":[{"taxonomy":"category","embeddable":true,"href":"https:\/\/radiowebmx.com\/nota\/wp-json\/wp\/v2\/categories?post=21287"},{"taxonomy":"post_tag","embeddable":true,"href":"https:\/\/radiowebmx.com\/nota\/wp-json\/wp\/v2\/tags?post=21287"}],"curies":[{"name":"wp","href":"https:\/\/api.w.org\/{rel}","templated":true}]}}