{"id":21280,"date":"2016-02-03T12:27:00","date_gmt":"2016-02-03T18:27:00","guid":{"rendered":"https:\/\/radiowebmx.com\/nota\/?p=21280"},"modified":"2016-02-03T12:27:00","modified_gmt":"2016-02-03T18:27:00","slug":"proyecta-ceac-acciones-de-saneamiento-en-tzintzuntzan","status":"publish","type":"post","link":"https:\/\/radiowebmx.com\/nota\/proyecta-ceac-acciones-de-saneamiento-en-tzintzuntzan\/","title":{"rendered":"Proyecta CEAC acciones de saneamiento en Tzintzuntzan"},"content":{"rendered":"<p><a href=\"https:\/\/radiowebmx.com\/nota\/wp-content\/uploads\/2016\/02\/efa427a1-9590-4138-b0f0-2a4cba2a1336.jpg\"><img loading=\"lazy\" decoding=\"async\" class=\"alignleft size-full wp-image-21281\" src=\"https:\/\/radiowebmx.com\/nota\/wp-content\/uploads\/2016\/02\/efa427a1-9590-4138-b0f0-2a4cba2a1336.jpg\" alt=\"efa427a1-9590-4138-b0f0-2a4cba2a1336\" width=\"591\" height=\"322\" srcset=\"https:\/\/radiowebmx.com\/nota\/wp-content\/uploads\/2016\/02\/efa427a1-9590-4138-b0f0-2a4cba2a1336.jpg 591w, https:\/\/radiowebmx.com\/nota\/wp-content\/uploads\/2016\/02\/efa427a1-9590-4138-b0f0-2a4cba2a1336-300x163.jpg 300w\" sizes=\"auto, (max-width: 591px) 100vw, 591px\" \/><\/a>Entre las propuestas de obras y acciones a realizar este a\u00f1o, el Gobierno del Estado, a trav\u00e9s de la Comisi\u00f3n Estatal del Agua y Gesti\u00f3n de Cuencas (CEAC), contempla efectuar algunas en Tzintzuntzan, por lo que el coordinador general de la dependencia, Germ\u00e1n Tena Fern\u00e1ndez, visit\u00f3 la demarcaci\u00f3n a fin de supervisar y detectar las necesidades en materia h\u00eddrica.<\/p>\n<p>En este marco, refrend\u00f3 que uno de los compromisos del Gobernador del Estado, Silvano Aureoles Conejo, es rescatar la Cuenca del Lago de P\u00e1tzcuaro, por lo que ya se elabora un estudio integral de agua potable y de saneamiento, que ser\u00e1 la base de un proyecto ejecutivo y t\u00e9cnico que se materializar\u00e1 con las gestiones que realice el mandatario.<\/p>\n<p>El funcionario estatal visit\u00f3 la planta tratadora de aguas residuales del municipio, la cual, a pesar de que cuenta con la infraestructura b\u00e1sica para operar, no est\u00e1 en funcionamiento. Ante ello, se\u00f1al\u00f3 la necesidad de que la planta sea concluida para que opere a su m\u00e1xima capacidad de saneamiento de agua (que es de 10 litros por segundo), con lo que se abonar\u00eda a la preservaci\u00f3n de la Cuenca del Lago de P\u00e1tzcuaro.<\/p>\n<p>Asimismo, Tena Fern\u00e1ndez visit\u00f3 el humedal de la localidad de Cucuchucho, el cual -al igual que la planta tratadora- no se encuentra en operaci\u00f3n, dado que requiere ser rehabilitado, lo cual implica una inversi\u00f3n de alrededor de 2 millones 800 mil pesos. En tanto se cuenta con recursos para rehabilitar este sistema de tratamiento, el titular de la CEAC propuso emplear temporalmente una bomba de lodo para su desazolve, lo que evitar\u00e1 que se sature el tanque s\u00e9ptico.<\/p>\n<p>Adem\u00e1s, el funcionario supervis\u00f3 los trabajos de construcci\u00f3n del alcantarillado sanitario y de los colectores de Cucuchucho, obra en la que son invertidos 6 millones 83 mil pesos y que beneficiar\u00e1 a mil 185 habitantes.<\/p>\n<p>Posteriormente, Tena Fern\u00e1ndez se puso a las \u00f3rdenes de los habitantes de la comunidad de Ihuatzio, quienes le externaron sus necesidades, como el equipamiento de un pozo profundo con l\u00ednea de conducci\u00f3n, un tanque de almacenamiento, as\u00ed como la creaci\u00f3n del organismo operador de agua potable\u00a0 y la capacitaci\u00f3n de personal para que se trabaje de manera formal y comprometida en el tema del agua.<\/p>\n<p>Finalmente, el Coordinador General de la CEAC visit\u00f3 algunos sitios de la localidad en los que se planea instalar un sistema de tratamiento de aguas residuales mediante humedales, del cual ya se tiene listo el proyecto t\u00e9cnico.<\/p>\n","protected":false},"excerpt":{"rendered":"<p>Entre las propuestas de obras y acciones a realizar este a\u00f1o, el Gobierno del Estado, a trav\u00e9s de la CEAC, contempla efectuar algunas en Tzintzuntzan, por lo que el coordinador general de la dependencia, Germ\u00e1n Tena Fern\u00e1ndez, visit\u00f3 la demarcaci\u00f3n a fin de supervisar y detectar las necesidades en materia h\u00eddrica.<\/p>\n","protected":false},"author":1,"featured_media":21281,"comment_status":"open","ping_status":"open","sticky":false,"template":"","format":"standard","meta":{"footnotes":""},"categories":[14,3],"tags":[],"class_list":["post-21280","post","type-post","status-publish","format-standard","has-post-thumbnail","hentry","category-destacadas","category-gobierno-del-estado-de-michoacan"],"_links":{"self":[{"href":"https:\/\/radiowebmx.com\/nota\/wp-json\/wp\/v2\/posts\/21280","targetHints":{"allow":["GET"]}}],"collection":[{"href":"https:\/\/radiowebmx.com\/nota\/wp-json\/wp\/v2\/posts"}],"about":[{"href":"https:\/\/radiowebmx.com\/nota\/wp-json\/wp\/v2\/types\/post"}],"author":[{"embeddable":true,"href":"https:\/\/radiowebmx.com\/nota\/wp-json\/wp\/v2\/users\/1"}],"replies":[{"embeddable":true,"href":"https:\/\/radiowebmx.com\/nota\/wp-json\/wp\/v2\/comments?post=21280"}],"version-history":[{"count":1,"href":"https:\/\/radiowebmx.com\/nota\/wp-json\/wp\/v2\/posts\/21280\/revisions"}],"predecessor-version":[{"id":21282,"href":"https:\/\/radiowebmx.com\/nota\/wp-json\/wp\/v2\/posts\/21280\/revisions\/21282"}],"wp:featuredmedia":[{"embeddable":true,"href":"https:\/\/radiowebmx.com\/nota\/wp-json\/wp\/v2\/media\/21281"}],"wp:attachment":[{"href":"https:\/\/radiowebmx.com\/nota\/wp-json\/wp\/v2\/media?parent=21280"}],"wp:term":[{"taxonomy":"category","embeddable":true,"href":"https:\/\/radiowebmx.com\/nota\/wp-json\/wp\/v2\/categories?post=21280"},{"taxonomy":"post_tag","embeddable":true,"href":"https:\/\/radiowebmx.com\/nota\/wp-json\/wp\/v2\/tags?post=21280"}],"curies":[{"name":"wp","href":"https:\/\/api.w.org\/{rel}","templated":true}]}}