{"id":21277,"date":"2016-02-03T12:22:43","date_gmt":"2016-02-03T18:22:43","guid":{"rendered":"https:\/\/radiowebmx.com\/nota\/?p=21277"},"modified":"2016-02-03T12:22:43","modified_gmt":"2016-02-03T18:22:43","slug":"autoridades-municipales-conmemoran-el-ccii-aniversario-luctuoso-de-mariano-matamoros","status":"publish","type":"post","link":"https:\/\/radiowebmx.com\/nota\/autoridades-municipales-conmemoran-el-ccii-aniversario-luctuoso-de-mariano-matamoros\/","title":{"rendered":"Autoridades municipales conmemoran el CCII Aniversario Luctuoso de Mariano Matamoros"},"content":{"rendered":"<p><a href=\"https:\/\/radiowebmx.com\/nota\/wp-content\/uploads\/2016\/02\/efcb671a-6736-40b0-bb97-87a38a362e64.jpg\"><img loading=\"lazy\" decoding=\"async\" class=\"alignleft size-full wp-image-21278\" src=\"https:\/\/radiowebmx.com\/nota\/wp-content\/uploads\/2016\/02\/efcb671a-6736-40b0-bb97-87a38a362e64.jpg\" alt=\"efcb671a-6736-40b0-bb97-87a38a362e64\" width=\"591\" height=\"282\" srcset=\"https:\/\/radiowebmx.com\/nota\/wp-content\/uploads\/2016\/02\/efcb671a-6736-40b0-bb97-87a38a362e64.jpg 591w, https:\/\/radiowebmx.com\/nota\/wp-content\/uploads\/2016\/02\/efcb671a-6736-40b0-bb97-87a38a362e64-300x143.jpg 300w\" sizes=\"auto, (max-width: 591px) 100vw, 591px\" \/><\/a>Con motivo del CCII Aniversario Luctuoso del l\u00edder independentista, Mariano Matamoros, autoridades municipales, encabezadas por el S\u00edndico, Fabio Sistos Rangel, realizaron la ma\u00f1ana de mi\u00e9rcoles el Izamiento a media asta de la Bandera de M\u00e9xico, en la explanada de la Plaza Jard\u00edn Morelos de esta ciudad.<\/p>\n<p>Como parte de las actividades programadas para este mi\u00e9rcoles, en punto de las 8:00 horas, en compa\u00f1\u00eda del Secretario de Administraci\u00f3n, Yankel Ben\u00edtez Silva, el Secretario de Servicios P\u00fablicos municipales, Jos\u00e9 Luis Gil V\u00e1zquez, el Director General del Polif\u00f3rum Digital, Alejandro Amante Urbina, as\u00ed como funcionarios locales, Sistos Rangel rindi\u00f3 honores al L\u00e1baro Patrio, con lo que dieron inicio formal a las actividades oficiales alusivas al 202 a\u00f1os de que fuera ejecutado en la entonces Valladolid.<\/p>\n<p>El llamado genio militar de la Independencia, naci\u00f3 el 14 de agosto de 1770 en Ciudad de M\u00e9xico. Fue un sacerdote y patriota mexicano que luch\u00f3 por emancipaci\u00f3n del pa\u00eds a las \u00f3rdenes de Jos\u00e9 Mar\u00eda Morelos.<\/p>\n<p>Particip\u00f3 en destacados hechos de armas de la lucha libertaria. Mariano Matamoros fue fusilado el 3 de febrero de 1814, en los portales de la Plaza Valladolid.<\/p>\n","protected":false},"excerpt":{"rendered":"<p>Con motivo del CCII Aniversario Luctuoso del l\u00edder independentista, Mariano Matamoros, autoridades municipales, encabezadas por el S\u00edndico, Fabio Sistos Rangel,<\/p>\n","protected":false},"author":1,"featured_media":21278,"comment_status":"open","ping_status":"open","sticky":false,"template":"","format":"standard","meta":{"footnotes":""},"categories":[14],"tags":[],"class_list":["post-21277","post","type-post","status-publish","format-standard","has-post-thumbnail","hentry","category-destacadas"],"_links":{"self":[{"href":"https:\/\/radiowebmx.com\/nota\/wp-json\/wp\/v2\/posts\/21277","targetHints":{"allow":["GET"]}}],"collection":[{"href":"https:\/\/radiowebmx.com\/nota\/wp-json\/wp\/v2\/posts"}],"about":[{"href":"https:\/\/radiowebmx.com\/nota\/wp-json\/wp\/v2\/types\/post"}],"author":[{"embeddable":true,"href":"https:\/\/radiowebmx.com\/nota\/wp-json\/wp\/v2\/users\/1"}],"replies":[{"embeddable":true,"href":"https:\/\/radiowebmx.com\/nota\/wp-json\/wp\/v2\/comments?post=21277"}],"version-history":[{"count":1,"href":"https:\/\/radiowebmx.com\/nota\/wp-json\/wp\/v2\/posts\/21277\/revisions"}],"predecessor-version":[{"id":21279,"href":"https:\/\/radiowebmx.com\/nota\/wp-json\/wp\/v2\/posts\/21277\/revisions\/21279"}],"wp:featuredmedia":[{"embeddable":true,"href":"https:\/\/radiowebmx.com\/nota\/wp-json\/wp\/v2\/media\/21278"}],"wp:attachment":[{"href":"https:\/\/radiowebmx.com\/nota\/wp-json\/wp\/v2\/media?parent=21277"}],"wp:term":[{"taxonomy":"category","embeddable":true,"href":"https:\/\/radiowebmx.com\/nota\/wp-json\/wp\/v2\/categories?post=21277"},{"taxonomy":"post_tag","embeddable":true,"href":"https:\/\/radiowebmx.com\/nota\/wp-json\/wp\/v2\/tags?post=21277"}],"curies":[{"name":"wp","href":"https:\/\/api.w.org\/{rel}","templated":true}]}}