{"id":21271,"date":"2016-02-03T12:04:16","date_gmt":"2016-02-03T18:04:16","guid":{"rendered":"https:\/\/radiowebmx.com\/nota\/?p=21271"},"modified":"2016-02-03T12:04:16","modified_gmt":"2016-02-03T18:04:16","slug":"reprograma-ooapas-reparacion-de-linea-principal-sobre-avenida-camelinas","status":"publish","type":"post","link":"https:\/\/radiowebmx.com\/nota\/reprograma-ooapas-reparacion-de-linea-principal-sobre-avenida-camelinas\/","title":{"rendered":"Reprograma OOAPAS reparaci\u00f3n de l\u00ednea principal sobre Avenida Camelinas"},"content":{"rendered":"<p><a href=\"https:\/\/radiowebmx.com\/nota\/wp-content\/uploads\/2016\/02\/abf4851d-e701-4a18-add4-57b0baf09373.jpg\"><img loading=\"lazy\" decoding=\"async\" class=\"alignleft size-full wp-image-21272\" src=\"https:\/\/radiowebmx.com\/nota\/wp-content\/uploads\/2016\/02\/abf4851d-e701-4a18-add4-57b0baf09373.jpg\" alt=\"abf4851d-e701-4a18-add4-57b0baf09373\" width=\"591\" height=\"241\" srcset=\"https:\/\/radiowebmx.com\/nota\/wp-content\/uploads\/2016\/02\/abf4851d-e701-4a18-add4-57b0baf09373.jpg 591w, https:\/\/radiowebmx.com\/nota\/wp-content\/uploads\/2016\/02\/abf4851d-e701-4a18-add4-57b0baf09373-300x122.jpg 300w\" sizes=\"auto, (max-width: 591px) 100vw, 591px\" \/><\/a>El Organismo Operador de Agua Potable, Alcantarillado y Saneamiento de Morelia (OOAPAS) detect\u00f3 una fuga de agua en la l\u00ednea de distribuci\u00f3n de 24 pulgadas, ubicada sobre la Av. Camelinas, en el tramo que va de la calle Morelos Sur a la calle Vicente Santa Mar\u00eda, por lo que se realizar\u00e1n trabajos correctivos el d\u00eda jueves 04 de febrero sobre esa principal vialidad a partir de las 07:00 horas.<\/p>\n<p>Con la finalidad de ubicar y reparar r\u00e1pidamente la fuga que ocasiona p\u00e9rdida importante de agua, ser\u00e1 necesario cerrar por ma\u00f1ana los dos carriles centrales de la Av. Camelinas, en el sentido de Poniente a Oriente (es decir, en el sentido del Parque Zool\u00f3gico hacia la Plaza Fiesta Camelinas).<\/p>\n<p>Por esta raz\u00f3n, se interrumpir\u00e1 el tr\u00e1nsito vehicular en el tramo de Camelinas que va desde su cruce con Morelos Sur hasta Vicente Santa Mar\u00eda.<\/p>\n<p>Personal del Organismo Operador iniciar\u00e1 los trabajos de reparaci\u00f3n a partir de las 07:00 horas, y se prev\u00e9 que en la madrugada del viernes 05 de febrero se concluyan las labores.<\/p>\n<p>Debido a lo anterior, se recomienda a la ciudadan\u00eda buscar v\u00edas alternas, ya sea circular por las laterales de la Av. Camelinas, o transitar por calles paralelas a esta vialidad.<\/p>\n","protected":false},"excerpt":{"rendered":"<p>El OOAPAS detect\u00f3 una fuga de agua en la l\u00ednea de distribuci\u00f3n de 24 pulgadas, ubicada sobre la Av. Camelinas, en el tramo que va de la calle Morelos Sur a la calle Vicente Santa Mar\u00eda,<\/p>\n","protected":false},"author":1,"featured_media":21272,"comment_status":"open","ping_status":"open","sticky":false,"template":"","format":"standard","meta":{"footnotes":""},"categories":[14,9],"tags":[],"class_list":["post-21271","post","type-post","status-publish","format-standard","has-post-thumbnail","hentry","category-destacadas","category-morelia"],"_links":{"self":[{"href":"https:\/\/radiowebmx.com\/nota\/wp-json\/wp\/v2\/posts\/21271","targetHints":{"allow":["GET"]}}],"collection":[{"href":"https:\/\/radiowebmx.com\/nota\/wp-json\/wp\/v2\/posts"}],"about":[{"href":"https:\/\/radiowebmx.com\/nota\/wp-json\/wp\/v2\/types\/post"}],"author":[{"embeddable":true,"href":"https:\/\/radiowebmx.com\/nota\/wp-json\/wp\/v2\/users\/1"}],"replies":[{"embeddable":true,"href":"https:\/\/radiowebmx.com\/nota\/wp-json\/wp\/v2\/comments?post=21271"}],"version-history":[{"count":1,"href":"https:\/\/radiowebmx.com\/nota\/wp-json\/wp\/v2\/posts\/21271\/revisions"}],"predecessor-version":[{"id":21273,"href":"https:\/\/radiowebmx.com\/nota\/wp-json\/wp\/v2\/posts\/21271\/revisions\/21273"}],"wp:featuredmedia":[{"embeddable":true,"href":"https:\/\/radiowebmx.com\/nota\/wp-json\/wp\/v2\/media\/21272"}],"wp:attachment":[{"href":"https:\/\/radiowebmx.com\/nota\/wp-json\/wp\/v2\/media?parent=21271"}],"wp:term":[{"taxonomy":"category","embeddable":true,"href":"https:\/\/radiowebmx.com\/nota\/wp-json\/wp\/v2\/categories?post=21271"},{"taxonomy":"post_tag","embeddable":true,"href":"https:\/\/radiowebmx.com\/nota\/wp-json\/wp\/v2\/tags?post=21271"}],"curies":[{"name":"wp","href":"https:\/\/api.w.org\/{rel}","templated":true}]}}