{"id":21194,"date":"2016-01-27T13:22:37","date_gmt":"2016-01-27T19:22:37","guid":{"rendered":"https:\/\/radiowebmx.com\/nota\/?p=21194"},"modified":"2016-01-27T13:22:37","modified_gmt":"2016-01-27T19:22:37","slug":"la-univim-registra-doctorado-ante-la-dgp-de-la-sep","status":"publish","type":"post","link":"https:\/\/radiowebmx.com\/nota\/la-univim-registra-doctorado-ante-la-dgp-de-la-sep\/","title":{"rendered":"La Univim registra doctorado ante la DGP de la SEP"},"content":{"rendered":"<p><a href=\"https:\/\/radiowebmx.com\/nota\/wp-content\/uploads\/2016\/01\/6de1f043-386c-404d-af87-62070543de8a.jpg\"><img loading=\"lazy\" decoding=\"async\" class=\"alignleft size-full wp-image-21196\" src=\"https:\/\/radiowebmx.com\/nota\/wp-content\/uploads\/2016\/01\/6de1f043-386c-404d-af87-62070543de8a.jpg\" alt=\"6de1f043-386c-404d-af87-62070543de8a\" width=\"591\" height=\"281\" srcset=\"https:\/\/radiowebmx.com\/nota\/wp-content\/uploads\/2016\/01\/6de1f043-386c-404d-af87-62070543de8a.jpg 591w, https:\/\/radiowebmx.com\/nota\/wp-content\/uploads\/2016\/01\/6de1f043-386c-404d-af87-62070543de8a-300x143.jpg 300w\" sizes=\"auto, (max-width: 591px) 100vw, 591px\" \/><\/a>La Universidad Virtual del Estado de Michoac\u00e1n (Univim) logr\u00f3 el registro del Doctorado en Educaci\u00f3n con Tecnolog\u00edas del Aprendizaje y el Conocimiento ante la Direcci\u00f3n General de Profesiones (DGP) de la Secretar\u00eda de Educaci\u00f3n P\u00fablica (SEP).<\/p>\n<p>Con este tipo de acciones, la Univim avanza en el cumplimiento de uno de los principales compromisos del Gobernador Silvano Aureoles Conejo: brindar a las y los michoacanos educaci\u00f3n superior de calidad en todo el territorio estatal.<\/p>\n<p>La obtenci\u00f3n de la Clave 284604 -que identifica a dicho posgrado- se logr\u00f3 en tiempo y forma, lo cual garantiza que los estudiantes de la Univim cumplir\u00e1n con un programa de estudios de calidad avalado por las m\u00e1ximas autoridades educativas.<\/p>\n<p>La primera generaci\u00f3n de estudiantes del Doctorado en Educaci\u00f3n con Tecnolog\u00edas del Aprendizaje y el Conocimiento inici\u00f3 sus estudios el pasado 4 de enero. De los 68 estudiantes matriculados, tres realizar\u00e1n su doctorado en la Univim desde Colombia; 14 m\u00e1s realizan sus estudios de posgrado completamente en l\u00ednea desde otros estados de la Rep\u00fablica, como Quer\u00e9taro, Campeche, Jalisco, Guerrero, Quintana Roo, Nuevo Le\u00f3n, Yucat\u00e1n y la Ciudad de M\u00e9xico.<\/p>\n","protected":false},"excerpt":{"rendered":"<p>La Univim logr\u00f3 el registro del Doctorado en Educaci\u00f3n con Tecnolog\u00edas del Aprendizaje y el Conocimiento ante la DGP de la SEP.<\/p>\n","protected":false},"author":1,"featured_media":21196,"comment_status":"open","ping_status":"open","sticky":false,"template":"","format":"standard","meta":{"footnotes":""},"categories":[14,3],"tags":[],"class_list":["post-21194","post","type-post","status-publish","format-standard","has-post-thumbnail","hentry","category-destacadas","category-gobierno-del-estado-de-michoacan"],"_links":{"self":[{"href":"https:\/\/radiowebmx.com\/nota\/wp-json\/wp\/v2\/posts\/21194","targetHints":{"allow":["GET"]}}],"collection":[{"href":"https:\/\/radiowebmx.com\/nota\/wp-json\/wp\/v2\/posts"}],"about":[{"href":"https:\/\/radiowebmx.com\/nota\/wp-json\/wp\/v2\/types\/post"}],"author":[{"embeddable":true,"href":"https:\/\/radiowebmx.com\/nota\/wp-json\/wp\/v2\/users\/1"}],"replies":[{"embeddable":true,"href":"https:\/\/radiowebmx.com\/nota\/wp-json\/wp\/v2\/comments?post=21194"}],"version-history":[{"count":1,"href":"https:\/\/radiowebmx.com\/nota\/wp-json\/wp\/v2\/posts\/21194\/revisions"}],"predecessor-version":[{"id":21197,"href":"https:\/\/radiowebmx.com\/nota\/wp-json\/wp\/v2\/posts\/21194\/revisions\/21197"}],"wp:featuredmedia":[{"embeddable":true,"href":"https:\/\/radiowebmx.com\/nota\/wp-json\/wp\/v2\/media\/21196"}],"wp:attachment":[{"href":"https:\/\/radiowebmx.com\/nota\/wp-json\/wp\/v2\/media?parent=21194"}],"wp:term":[{"taxonomy":"category","embeddable":true,"href":"https:\/\/radiowebmx.com\/nota\/wp-json\/wp\/v2\/categories?post=21194"},{"taxonomy":"post_tag","embeddable":true,"href":"https:\/\/radiowebmx.com\/nota\/wp-json\/wp\/v2\/tags?post=21194"}],"curies":[{"name":"wp","href":"https:\/\/api.w.org\/{rel}","templated":true}]}}