{"id":21191,"date":"2016-01-27T13:16:24","date_gmt":"2016-01-27T19:16:24","guid":{"rendered":"https:\/\/radiowebmx.com\/nota\/?p=21191"},"modified":"2016-01-27T13:16:24","modified_gmt":"2016-01-27T19:16:24","slug":"alcalde-alfonso-martinez-tomo-protesta-a-integrantes-de-la-junta-de-gobierno-del-ciedim-dignidad","status":"publish","type":"post","link":"https:\/\/radiowebmx.com\/nota\/alcalde-alfonso-martinez-tomo-protesta-a-integrantes-de-la-junta-de-gobierno-del-ciedim-dignidad\/","title":{"rendered":"Alcalde Alfonso Mart\u00ednez tom\u00f3 protesta a integrantes de la Junta de Gobierno del CIEDIM Dignidad"},"content":{"rendered":"<p><a href=\"https:\/\/radiowebmx.com\/nota\/wp-content\/uploads\/2016\/01\/4389a429-cf0d-462c-a451-29c6b9e506ff.jpg\"><img loading=\"lazy\" decoding=\"async\" class=\"alignleft size-full wp-image-21192\" src=\"https:\/\/radiowebmx.com\/nota\/wp-content\/uploads\/2016\/01\/4389a429-cf0d-462c-a451-29c6b9e506ff.jpg\" alt=\"4389a429-cf0d-462c-a451-29c6b9e506ff\" width=\"591\" height=\"260\" srcset=\"https:\/\/radiowebmx.com\/nota\/wp-content\/uploads\/2016\/01\/4389a429-cf0d-462c-a451-29c6b9e506ff.jpg 591w, https:\/\/radiowebmx.com\/nota\/wp-content\/uploads\/2016\/01\/4389a429-cf0d-462c-a451-29c6b9e506ff-300x132.jpg 300w\" sizes=\"auto, (max-width: 591px) 100vw, 591px\" \/><\/a>Generar las condiciones para que los ni\u00f1os en la capital michoacana crezcan en un entorno sano y puedan desarrollar sus habilidades en su m\u00e1xima capacidad, es uno de los principales objetivos del Ayuntamiento de Morelia, subray\u00f3 el Presidente Municipal Alfonso Mart\u00ednez Alc\u00e1zar, durante la Primera Sesi\u00f3n Ordinaria de Junta de Gobierno del Centro Infantil de Educaci\u00f3n Inicial de Morelia (CIEDIM) \u201cDignidad\u201d del ejercicio 2016, donde se\u00a0 tom\u00f3 protesta a los nuevos integrantes de la misma.<\/p>\n<p>De esta manera, la Presidenta Honoraria del DIF Morelia, Paola Delgadillo de Mart\u00ednez, el S\u00edndico Fabio Sistos Rangel, el secretario de Desarrollo Humano y Bienestar Social, Guillermo Mar\u00edn Ch\u00e1vez, el Tesorero Alberto Guzm\u00e1n D\u00edaz, el Contralor Jos\u00e9 Orozco Toledo, la encargada de despacho de la Direcci\u00f3n del DIF, Carla Isamara Hern\u00e1ndez L\u00f3pez, los regidores Mar\u00eda Elisa Garrido P\u00e9rez, Claudia L\u00e1zaro Medida, Salvador Arvizu Cisneros y Osvaldo Ru\u00edz Ram\u00edrez, la directora del centro, Sandra Espejo N\u00fa\u00f1ez, as\u00ed como el representante de la sociedad civil, Adri\u00e1n Huerta Leal, rindieron protesta como miembros de la Junta de Gobierno del CIEDIM, la cual es presidida por el Alcalde Alfonso Mart\u00ednez.<\/p>\n<p>En este marco, el jefe de la comuna moreliana se pronunci\u00f3 por fortalecer y hacer m\u00e1s eficiente este centro al que asisten 140 ni\u00f1os, desde los 45 d\u00edas de nacidos hasta los 4 a\u00f1os de edad, y el cual es dirigido a padres de familia de escasos recursos que no cuentan con seguridad social.<\/p>\n<p>Asimismo, invit\u00f3 a los directivos de este espacio a optimizar los recursos materiales y humanos disponibles, ajust\u00e1ndose con ello a la pol\u00edtica de ahorro y contenci\u00f3n del gasto de la administraci\u00f3n municipal, que forma parte de las directrices de la reingenier\u00eda de Gobierno, recientemente implementada.<\/p>\n<p>\u201cNuestra intenci\u00f3n es redoblar esfuerzos para hacer una gesti\u00f3n m\u00e1s eficiente, transparente y que de mejores resultados a la ciudadan\u00eda, al mismo tiempo que contenga el gasto corriente\u201d, puntualiz\u00f3 el Presidente Municipal.<\/p>\n<p>En su oportunidad, la Presidenta Honoraria del DIF, Paola Delgadillo, refrend\u00f3 el compromiso de la dependencia por emprender acciones a favor de la ni\u00f1ez moreliana y apoyar a los padres de familia que se encuentran en situaci\u00f3n vulnerable. De ah\u00ed, dijo, que el CIEDIM continuar\u00e1 brindando una atenci\u00f3n de calidad a los menores y seguir\u00e1 respaldando a las mam\u00e1s solteras y padres trabajadores.<\/p>\n<p>En la sesi\u00f3n ordinaria, el cuerpo colegiado aprob\u00f3 el Presupuesto de Egresos para el ejercicio 2016, el Programa Operativo Anual (POA) del presenta a\u00f1o, los informes de actividades de los meses de junio a diciembre de 2015, as\u00ed como el Programa Anual de ense\u00f1anza 2016.<\/p>\n","protected":false},"excerpt":{"rendered":"<p>Generar las condiciones para que los ni\u00f1os en la capital michoacana crezcan en un entorno sano y puedan desarrollar sus habilidades en su m\u00e1xima capacidad, es uno de los principales objetivos del Ayuntamiento de Morelia<\/p>\n","protected":false},"author":1,"featured_media":21192,"comment_status":"open","ping_status":"open","sticky":false,"template":"","format":"standard","meta":{"footnotes":""},"categories":[14,9],"tags":[],"class_list":["post-21191","post","type-post","status-publish","format-standard","has-post-thumbnail","hentry","category-destacadas","category-morelia"],"_links":{"self":[{"href":"https:\/\/radiowebmx.com\/nota\/wp-json\/wp\/v2\/posts\/21191","targetHints":{"allow":["GET"]}}],"collection":[{"href":"https:\/\/radiowebmx.com\/nota\/wp-json\/wp\/v2\/posts"}],"about":[{"href":"https:\/\/radiowebmx.com\/nota\/wp-json\/wp\/v2\/types\/post"}],"author":[{"embeddable":true,"href":"https:\/\/radiowebmx.com\/nota\/wp-json\/wp\/v2\/users\/1"}],"replies":[{"embeddable":true,"href":"https:\/\/radiowebmx.com\/nota\/wp-json\/wp\/v2\/comments?post=21191"}],"version-history":[{"count":1,"href":"https:\/\/radiowebmx.com\/nota\/wp-json\/wp\/v2\/posts\/21191\/revisions"}],"predecessor-version":[{"id":21193,"href":"https:\/\/radiowebmx.com\/nota\/wp-json\/wp\/v2\/posts\/21191\/revisions\/21193"}],"wp:featuredmedia":[{"embeddable":true,"href":"https:\/\/radiowebmx.com\/nota\/wp-json\/wp\/v2\/media\/21192"}],"wp:attachment":[{"href":"https:\/\/radiowebmx.com\/nota\/wp-json\/wp\/v2\/media?parent=21191"}],"wp:term":[{"taxonomy":"category","embeddable":true,"href":"https:\/\/radiowebmx.com\/nota\/wp-json\/wp\/v2\/categories?post=21191"},{"taxonomy":"post_tag","embeddable":true,"href":"https:\/\/radiowebmx.com\/nota\/wp-json\/wp\/v2\/tags?post=21191"}],"curies":[{"name":"wp","href":"https:\/\/api.w.org\/{rel}","templated":true}]}}