{"id":21185,"date":"2016-01-27T12:35:15","date_gmt":"2016-01-27T18:35:15","guid":{"rendered":"https:\/\/radiowebmx.com\/nota\/?p=21185"},"modified":"2016-01-27T12:35:15","modified_gmt":"2016-01-27T18:35:15","slug":"temas-de-cafe-419","status":"publish","type":"post","link":"https:\/\/radiowebmx.com\/nota\/temas-de-cafe-419\/","title":{"rendered":"TEMAS DE CAF\u00c9"},"content":{"rendered":"<p><a href=\"https:\/\/radiowebmx.com\/nota\/wp-content\/uploads\/2013\/06\/temas-de-cafe.jpg\"><img loading=\"lazy\" decoding=\"async\" class=\"alignleft  wp-image-2805\" src=\"https:\/\/radiowebmx.com\/nota\/wp-content\/uploads\/2013\/06\/temas-de-cafe.jpg\" alt=\"temas de cafe\" width=\"347\" height=\"203\" \/><\/a>+ EDUARDO ORIHUELA, REINICIA<\/p>\n<p>+ URGEN AJUSTES EN EL GABINETE<\/p>\n<p>+ LIDERAZGOS REGIONALES DEL PRI<\/p>\n<p>+ IGLESIA CATOLICA PIERDE FIELES<\/p>\n<p>Eduardo Orihuela Estefan es un joven integrante, de una dinast\u00eda pol\u00edtica del oriente michoacano, es hijo de Chon Orihuela quien ha sido de todo en la pol\u00edtica michoacana, hasta candidato al gobierno de Michoac\u00e1n, su hermano Ignacio Orihuela es un pr\u00f3spero empresario, quien tambi\u00e9n ha incursionado en la pol\u00edtica, ha querido ser presidente municipal de Zit\u00e1cuaro, igual que su hijo Juan Carlos quien ha sido diputado local, sin pena ni gloria \u00a0y ha participado en contiendas, tras la diputaci\u00f3n federal y para la presidencia municipal, ha perdido pero adem\u00e1s hay otro integrante de esta familia, que tambi\u00e9n ha incursionado con \u00e9xito en la pol\u00edtica, Antonio Ixtl\u00e1huac Orihuela, quien ha sido diputado local, federal y\u00a0 presidente municipal de Zit\u00e1cuaro, actualmente es diputado federal, en el caso de Eduardo parece que despu\u00e9s de un tiempo, reinicia su carrera pol\u00edtica, ya que ma\u00f1ana \u00a0tomar\u00e1 protesta como secretario general, de la Confederaci\u00f3n Nacional de Propietarios Rurales, adherido a la CNOP.<\/p>\n<p>HOY EDUARDO DEBERIA SER DIPUTADO FEDERAL<\/p>\n<p>Por cosas de la pol\u00edtica hoy Eduardo deber\u00eda ser, diputado federal\u00a0 ya fuera plurinominal o por mayor\u00eda, pero sucedieron varias cosas para cerrarle el paso, primero su pap\u00e1 el senador de la rep\u00fablica Chon Orihuela, fue investido como candidato al gobierno de Michoac\u00e1n,\u00a0 recuerde\u00a0 usted contendi\u00f3 en el pasado proceso, contra Silvano y Luisa Mar\u00eda Calder\u00f3n, los dem\u00e1s no tienen importancia para este comentario.<\/p>\n<p>Pero adem\u00e1s su primo Antonio fue candidato a diputado federal, por Zit\u00e1cuaro, y gan\u00f3 pero tambi\u00e9n su primo Juan Carlos particip\u00f3, por la presidencia municipal de Zit\u00e1cuaro, ya eran muchos Orihuelas para un proceso electoral, por esa raz\u00f3n fue que Eduardo tuvo que hacerse a un lado, principalmente para dar paso a su padre, Chon Orihuela quien por fin despu\u00e9s de muchos intentos, se le hizo ser candidato al gobierno de Michoac\u00e1n, despu\u00e9s de haberlo intentado por lo menos en tres ocasiones.<\/p>\n<p>Eduardo Orihuela se convirti\u00f3 en un firme apoyo, para su padre quien desde luego deleg\u00f3 muchas funciones en su hijo, como era l\u00f3gico y natural, finalmente Chon perdi\u00f3 y por consecuencia tambi\u00e9n su hijo, por eso estamos seguros que en esta ocasi\u00f3n, Eduardo apoyado por su padre como debe ser, logr\u00f3 ser el \u00fanico registrado como candidato, a dirigir esta Confederaci\u00f3n que une a la mayor\u00eda, de los peque\u00f1o propietarios del pa\u00eds, y es cierto hoy esta confederaci\u00f3n no tiene mucho peso pol\u00edtico, porque se ha dejado caer pero sabemos que el puesto no hace a la persona, es la persona quien hace al puesto.<\/p>\n<p>Estamos seguros que con la capacidad\u00a0 y juventud de Eduardo, esta confederaci\u00f3n volver\u00e1 a tener vida y a convertirse, en plataforma para dar sustento a las aspiraciones de Eduardo, obviamente por pertenecer una dinast\u00eda pol\u00edtica, tiene que aspirar para el 18 a convertirse en diputado federal o senador de la rep\u00fablica, para seguir los pasos de su padre y convertirse un d\u00eda, no lejano en candidato al gobierno de Michoac\u00e1n, que lo logre eso ya es otra cosa.<\/p>\n<p>ASPIRANTES A SENADORES POR MICHOACAN<\/p>\n<p>Ya que entramos en el terreno de\u00a0 las especulaciones, le comentaremos por partidos pol\u00edtico, quienes deber\u00e1n aspirar a convertirse en senadores de la rep\u00fablica, entendiendo que el Senado es la antesala, para convergirse en candidatos a gobernador, ya que siempre ha sido semillero de gobernadores solamente recordando el caso de Michoac\u00e1n, han sido previamente senadores, desde David Franco Rodr\u00edguez, Genovevo Figueroa Zamudio, Cuauht\u00e9moc C\u00e1rdenas as\u00ed como L\u00e1zaro, Leonel Godoy Rangel y V\u00edctor Manuel Tinoco Rub\u00ed.<\/p>\n<p>Por esta raz\u00f3n le comentamos que Eduardo Orihuela, seguramente estar\u00e1\u00a0 pensando en buscar la senadur\u00eda para el 18, porque quiere estar en el 21 en la lista de aspirantes al gobierno de Michoac\u00e1n, como tambi\u00e9n deben estar V\u00edctor Silva Tejeda, quien hoy es diputado federal y dirigente estatal del PRI, obviamente de las mujeres ah\u00ed tenemos a Daniela de los Santos, quien seguramente buscar\u00e1 la senadur\u00eda.<\/p>\n<p>Pero seguramente tambi\u00e9n ah\u00ed estar\u00e1n entre otros, Marco Polo y To\u00f1o Ixtl\u00e1huac, tampoco se debe olvidar en este aspecto a Wilfrido L\u00e1zaro quien, ha sido dos veces diputado local, presidente municipal y aspirante a la candidatura al gobierno del estado, y tambi\u00e9n no se puede dejar de lado, las aspiraciones de Roberto Carlos L\u00f3pez, dirigente de la CNC Michoacana, sobre todo si sale bien librado de su sucesi\u00f3n en ese lugar.<\/p>\n<p>MARKO CORTES, POR AHORA EL MAS VISIBLE<\/p>\n<p>Ante l divisi\u00f3n que hay en el PAN,\u00a0 por ahora el m\u00e1s visible aspirante a la senadur\u00eda es Marko Cort\u00e9s, quien parece que tiene una gubernatura en su futuro, y es que vea usted este a\u00fan joven pol\u00edtico tiene una trayectoria sorprendente, primero fue muy joven diputado federal, m\u00e1s tarde senador de la rep\u00fablica, hoy nuevamente es\u00a0 diputado federal, solamente le queda convertirse en senador otra vez, y buscar la candidatura al gobierno de Michoac\u00e1n, por ahora no hay en el panorama azul de Michoac\u00e1n, alguien que le pueda competir con posibilidades, tal vez su rival podr\u00eda ser \u201cel independiente\u201d, cercano a Luisa Mar\u00eda Calder\u00f3n Alfonso Mart\u00ednez, pero como va lo dudamos mucho, parece ha perdido su sensibilidad.<\/p>\n<p>EN EL PRD HAY UNA AMPLIA LEGION<\/p>\n<p>Desde luego en cuesti\u00f3n del PRD\u00a0 corremos el riesgo, de cometer alguna falta por no se\u00f1alar a todos, y es que por ejemplo se vaya o no se vaya Silvano, que cada vez parece m\u00e1s un gobernador de seis a\u00f1os, deber\u00e1n buscar ser senadores de la rep\u00fablica, Pascual Sigala y Adri\u00e1n L\u00f3pez Sol\u00eds, para mantener al grupo cerca del poder, tambi\u00e9n buscar\u00e1 ser senador Fidel Calder\u00f3n, porque este hombre es pol\u00edtico por donde se le vea, que sea bueno o malo eso otra cosa, lo cierto es que es pol\u00edtico al cien por ciento, Carlos Torres Pi\u00f1a tiene posibilidades ya fue diputado federal, y es dirigente estatal triunfador del PRD.<\/p>\n<p>Estamos seguros que Antonio Garc\u00eda Conejo deber\u00e1 seguir, la dinast\u00eda familiar su hermano el gobernador, fue diputado federal y\u00a0 \u00e9l ya lo fue, su y hermano fue senador y seguramente buscar\u00e1 tambi\u00e9n ser senador, desde la secretar\u00eda y despu\u00e9s desde la dirigencia estatal del PRD puede aspirar a ello, mujeres del PRD no vemos por el momento quien pudiera aspirar a un esca\u00f1o.<\/p>\n<p>POR INICIAR LOS TRABAJOS PARA REESTRUCTURAR AL PRI<\/p>\n<p>Los priistas esperan quede un momento a otro, inicie el proceso para reestructurar al PRI estatal, por lo pronto se reunir\u00e1n a los presidentes de los comit\u00e9s municipales, del PRI para darles a conocer los pormenores de la convocatoria, para renovar las dirigencias\u00a0 de los comit\u00e9s, obvio que el dirigente V\u00edctor Silva habr\u00e1 de consensuar, con todos los liderazgos que hay en la entidad, porque la idea es que no quede ni uno fuera, porque la coincidencia de intereses es lo que se debe privilegiar,\u00a0 donde todos aporten y ganen algo.<\/p>\n<p>LA IGLESIA CATOLICA PIERDE FIELES<\/p>\n<p>Ya les hemos comentado que una de las razones, por las cuales fue elegido papa el argentino Bergoglio, es para que contenga\u00a0 la fuga de feligreses hacia las diferentes opciones religiosas que se ofrecen,\u00a0 de esta manera tenemos el claro ejemplo de Michoac\u00e1n, donde de acuerdo a los censos del INEGI del 2010, en Michoac\u00e1n hab\u00eda tres millones 983 mil 396 cat\u00f3licos, mientras que\u00a0 813 mil declararon no ser integrantes de la Iglesia Cat\u00f3lica\u00a0 Mexicana, desde luego no todos eran cristianos, algunos eran ateos, otros de diferentes creencias.<\/p>\n<p>Pero obviamente la mayor\u00eda eran cristianos. Desde luego las visitas que el papa Francisco viene realizando, por los pa\u00edses de\u00a0 la Am\u00e9rica Latina y a los Estados Unidos del Norte,\u00a0 obviamente tienen que ver con este problema que cada vez se agrava m\u00e1s sobre todo en los pa\u00edses del sur, y es que parta nadie es un secreto los esc\u00e1ndalos, que se han dado a conocer el interior de la Iglesia\u00a0 sobre la pederastia, le han afectado mucho.<\/p>\n<p>LA SINFONICA Y DIEZ COROS LE CANTARAN AL PAPA<\/p>\n<p>Aunque no le cantar\u00e1n al papa Francisco todos los m\u00fasicos que quisieran, pero\u00a0 si le estar\u00e1n\u00a0 interpretando melod\u00edas en el acto del Venustiano Carranza, la Sinf\u00f3nica de Michoac\u00e1n as\u00ed como 10 coros de peque\u00f1os, de varias ciudades del interior del estado. En el Venustiano estar\u00e1n\u00a0 22 mil religiosos, de los cuales 5 mil ser\u00e1n\u00a0 sacerdotes, 10\u00a0 religiosas, y\u00a0 cinco mil seminaristas. 16 mil en las gradas y el resto en el campo de futbol, que ser\u00e1 protegido para evitar da\u00f1os mayores.<\/p>\n<p>&nbsp;<\/p>\n","protected":false},"excerpt":{"rendered":"<p>+ EDUARDO ORIHUELA, REINICIA<br \/>\n+ URGEN AJUSTES EN EL GABINETE<br \/>\n+ LIDERAZGOS REGIONALES DEL PRI<br \/>\n+ IGLESIA CATOLICA PIERDE FIELES<\/p>\n","protected":false},"author":1,"featured_media":0,"comment_status":"open","ping_status":"open","sticky":false,"template":"","format":"standard","meta":{"footnotes":""},"categories":[4,14,10],"tags":[],"class_list":["post-21185","post","type-post","status-publish","format-standard","hentry","category-columnistas","category-destacadas","category-juan-manuel-belmonte"],"_links":{"self":[{"href":"https:\/\/radiowebmx.com\/nota\/wp-json\/wp\/v2\/posts\/21185","targetHints":{"allow":["GET"]}}],"collection":[{"href":"https:\/\/radiowebmx.com\/nota\/wp-json\/wp\/v2\/posts"}],"about":[{"href":"https:\/\/radiowebmx.com\/nota\/wp-json\/wp\/v2\/types\/post"}],"author":[{"embeddable":true,"href":"https:\/\/radiowebmx.com\/nota\/wp-json\/wp\/v2\/users\/1"}],"replies":[{"embeddable":true,"href":"https:\/\/radiowebmx.com\/nota\/wp-json\/wp\/v2\/comments?post=21185"}],"version-history":[{"count":1,"href":"https:\/\/radiowebmx.com\/nota\/wp-json\/wp\/v2\/posts\/21185\/revisions"}],"predecessor-version":[{"id":21186,"href":"https:\/\/radiowebmx.com\/nota\/wp-json\/wp\/v2\/posts\/21185\/revisions\/21186"}],"wp:attachment":[{"href":"https:\/\/radiowebmx.com\/nota\/wp-json\/wp\/v2\/media?parent=21185"}],"wp:term":[{"taxonomy":"category","embeddable":true,"href":"https:\/\/radiowebmx.com\/nota\/wp-json\/wp\/v2\/categories?post=21185"},{"taxonomy":"post_tag","embeddable":true,"href":"https:\/\/radiowebmx.com\/nota\/wp-json\/wp\/v2\/tags?post=21185"}],"curies":[{"name":"wp","href":"https:\/\/api.w.org\/{rel}","templated":true}]}}