{"id":21174,"date":"2016-01-26T11:16:09","date_gmt":"2016-01-26T17:16:09","guid":{"rendered":"https:\/\/radiowebmx.com\/nota\/?p=21174"},"modified":"2016-01-26T11:16:09","modified_gmt":"2016-01-26T17:16:09","slug":"cobaem-y-diii6-del-snte-firman-convenio-de-colaboracion","status":"publish","type":"post","link":"https:\/\/radiowebmx.com\/nota\/cobaem-y-diii6-del-snte-firman-convenio-de-colaboracion\/","title":{"rendered":"Cobaem y DIII6 del SNTE firman convenio de colaboraci\u00f3n"},"content":{"rendered":"<p><a href=\"https:\/\/radiowebmx.com\/nota\/wp-content\/uploads\/2016\/01\/a1a0928a-8d3b-45a2-8ee5-a049ce13112f.jpg\"><img loading=\"lazy\" decoding=\"async\" class=\"alignleft size-full wp-image-21175\" src=\"https:\/\/radiowebmx.com\/nota\/wp-content\/uploads\/2016\/01\/a1a0928a-8d3b-45a2-8ee5-a049ce13112f.jpg\" alt=\"a1a0928a-8d3b-45a2-8ee5-a049ce13112f\" width=\"591\" height=\"304\" srcset=\"https:\/\/radiowebmx.com\/nota\/wp-content\/uploads\/2016\/01\/a1a0928a-8d3b-45a2-8ee5-a049ce13112f.jpg 591w, https:\/\/radiowebmx.com\/nota\/wp-content\/uploads\/2016\/01\/a1a0928a-8d3b-45a2-8ee5-a049ce13112f-300x154.jpg 300w\" sizes=\"auto, (max-width: 591px) 100vw, 591px\" \/><\/a>Con el objetivo de fortalecer el plan de trabajo del Gobernador Silvano Aureoles Conejo para mejorar la calidad educativa, el Colegio de Bachilleres del Estado de Michoac\u00e1n (Cobaem) firm\u00f3 un convenio de colaboraci\u00f3n con la Delegaci\u00f3n DIII6 de la Secci\u00f3n 18 del Sindicato Nacional de Trabajadores de la Educaci\u00f3n (SNTE).<\/p>\n<p>El director general del Cobaem, Alejandro Bustos Aguilar, detall\u00f3 que con este convenio los trabajadores administrativos de la Secretar\u00eda de Educaci\u00f3n en el Estado (SEE) agremiados a la Delegaci\u00f3n DIII6 del SNTE recibir\u00e1n asesor\u00edas y capacitaciones para el trabajo y para que concluyan sus estudios.<\/p>\n<p>Bustos Aguilar refiri\u00f3 que las asesor\u00edas y capacitaciones estar\u00e1n a cargo de un grupo de asesores que acompa\u00f1ar\u00e1n a los trabajadores de la SEE a trav\u00e9s del proceso de ense\u00f1anza durante 20 meses para que obtengan su certificado.<\/p>\n<p>En este marco, el director general del Cobaem indic\u00f3 que el Sistema de Ense\u00f1anza Abierta es una opci\u00f3n para concluir la preparatoria que se pone al alcance de la ciudadan\u00eda.<\/p>\n<p>El convenio fue signado por el director del Cobaem y por H\u00e9ctor Morales Gonz\u00e1lez y Ren\u00e9 Galicia Paniagua, quienes asistieron con la representaci\u00f3n del dirigente del DIII6 de la Secci\u00f3n 18 del SNTE, Juan Manuel Macedo Negrete. Al acto protocolario tambi\u00e9n asistieron la directora de Educaci\u00f3n No Escolarizada y el enlace jur\u00eddico del Colegio, Rosalba Mora Galv\u00e1n y Leopoldo Mart\u00ednez Medina,\u00a0 respectivamente.<\/p>\n","protected":false},"excerpt":{"rendered":"<p>Con el objetivo de fortalecer el plan de trabajo del Gobernador Silvano Aureoles Conejo para mejorar la calidad educativa, el Cobaem firm\u00f3 un convenio de colaboraci\u00f3n con la Delegaci\u00f3n DIII6 de la Secci\u00f3n 18 del SNTE.<\/p>\n","protected":false},"author":1,"featured_media":21175,"comment_status":"open","ping_status":"open","sticky":false,"template":"","format":"standard","meta":{"footnotes":""},"categories":[14,3],"tags":[],"class_list":["post-21174","post","type-post","status-publish","format-standard","has-post-thumbnail","hentry","category-destacadas","category-gobierno-del-estado-de-michoacan"],"_links":{"self":[{"href":"https:\/\/radiowebmx.com\/nota\/wp-json\/wp\/v2\/posts\/21174","targetHints":{"allow":["GET"]}}],"collection":[{"href":"https:\/\/radiowebmx.com\/nota\/wp-json\/wp\/v2\/posts"}],"about":[{"href":"https:\/\/radiowebmx.com\/nota\/wp-json\/wp\/v2\/types\/post"}],"author":[{"embeddable":true,"href":"https:\/\/radiowebmx.com\/nota\/wp-json\/wp\/v2\/users\/1"}],"replies":[{"embeddable":true,"href":"https:\/\/radiowebmx.com\/nota\/wp-json\/wp\/v2\/comments?post=21174"}],"version-history":[{"count":1,"href":"https:\/\/radiowebmx.com\/nota\/wp-json\/wp\/v2\/posts\/21174\/revisions"}],"predecessor-version":[{"id":21176,"href":"https:\/\/radiowebmx.com\/nota\/wp-json\/wp\/v2\/posts\/21174\/revisions\/21176"}],"wp:featuredmedia":[{"embeddable":true,"href":"https:\/\/radiowebmx.com\/nota\/wp-json\/wp\/v2\/media\/21175"}],"wp:attachment":[{"href":"https:\/\/radiowebmx.com\/nota\/wp-json\/wp\/v2\/media?parent=21174"}],"wp:term":[{"taxonomy":"category","embeddable":true,"href":"https:\/\/radiowebmx.com\/nota\/wp-json\/wp\/v2\/categories?post=21174"},{"taxonomy":"post_tag","embeddable":true,"href":"https:\/\/radiowebmx.com\/nota\/wp-json\/wp\/v2\/tags?post=21174"}],"curies":[{"name":"wp","href":"https:\/\/api.w.org\/{rel}","templated":true}]}}