{"id":21171,"date":"2016-01-26T10:30:43","date_gmt":"2016-01-26T16:30:43","guid":{"rendered":"https:\/\/radiowebmx.com\/nota\/?p=21171"},"modified":"2016-01-26T10:30:43","modified_gmt":"2016-01-26T16:30:43","slug":"fortalece-gobierno-municipal-direccion-de-inspeccion-y-vigilancia","status":"publish","type":"post","link":"https:\/\/radiowebmx.com\/nota\/fortalece-gobierno-municipal-direccion-de-inspeccion-y-vigilancia\/","title":{"rendered":"Fortalece Gobierno Municipal Direcci\u00f3n de Inspecci\u00f3n y Vigilancia"},"content":{"rendered":"<p><a href=\"https:\/\/radiowebmx.com\/nota\/wp-content\/uploads\/2016\/01\/49039f53-498b-4d9a-8158-17621b6fe1e8.jpg\"><img loading=\"lazy\" decoding=\"async\" class=\"alignleft size-full wp-image-21172\" src=\"https:\/\/radiowebmx.com\/nota\/wp-content\/uploads\/2016\/01\/49039f53-498b-4d9a-8158-17621b6fe1e8.jpg\" alt=\"49039f53-498b-4d9a-8158-17621b6fe1e8\" width=\"591\" height=\"273\" srcset=\"https:\/\/radiowebmx.com\/nota\/wp-content\/uploads\/2016\/01\/49039f53-498b-4d9a-8158-17621b6fe1e8.jpg 591w, https:\/\/radiowebmx.com\/nota\/wp-content\/uploads\/2016\/01\/49039f53-498b-4d9a-8158-17621b6fe1e8-300x139.jpg 300w\" sizes=\"auto, (max-width: 591px) 100vw, 591px\" \/><\/a>Como parte del proceso de reingenier\u00eda municipal y la integraci\u00f3n de perfiles que fortalezcan el servicio que se brinda a la ciudadan\u00eda, el secretario del Ayuntamiento Jes\u00fas Avalos Plata, encabez\u00f3 la ma\u00f1ana de este lunes el relevo institucional en la Direcci\u00f3n de Inspecci\u00f3n y Vigilancia.<\/p>\n<p>El secretario del Ayuntamiento present\u00f3 a Maricruz Ontiveros Aguilar como la nueva titular de la Direcci\u00f3n de Inspecci\u00f3n y Vigilancia, cargo que anteriormente era ocupado por Jos\u00e9 Luis Bocanegra Olvera.<\/p>\n<p>Luego de ser presentada ante administrativos, inspectores, jefes de \u00e1rea y empleados en general de la dependencia, la nueva directora se refiri\u00f3 al personal como su \u201cnueva familia\u201d debido al gran n\u00famero de horas que colaboraran juntos, garantiz\u00e1ndoles una relaci\u00f3n cordial, transparente y de respeto.<\/p>\n<p>Asimismo les pidi\u00f3 trabajar de manera honesta honrada y eficaz, con el objeto de ofrecer a la ciudadan\u00eda el mejor servicio posible, tal y como lo ha instruido el Alcalde, Alfonso Mart\u00ednez Alc\u00e1zar.<\/p>\n<p>Los empleados municipales se mostraron complacidos de mostrar a Maricruz Ontiveros las instalaciones de la dependencia de la cual ser\u00e1 titular, y refrendaron el compromiso de trabajar arduamente a favor de los morelianos.<\/p>\n","protected":false},"excerpt":{"rendered":"<p>Como parte del proceso de reingenier\u00eda municipal y la integraci\u00f3n de perfiles que fortalezcan el servicio que se brinda a la ciudadan\u00eda,<\/p>\n","protected":false},"author":1,"featured_media":21172,"comment_status":"open","ping_status":"open","sticky":false,"template":"","format":"standard","meta":{"footnotes":""},"categories":[14,9],"tags":[],"class_list":["post-21171","post","type-post","status-publish","format-standard","has-post-thumbnail","hentry","category-destacadas","category-morelia"],"_links":{"self":[{"href":"https:\/\/radiowebmx.com\/nota\/wp-json\/wp\/v2\/posts\/21171","targetHints":{"allow":["GET"]}}],"collection":[{"href":"https:\/\/radiowebmx.com\/nota\/wp-json\/wp\/v2\/posts"}],"about":[{"href":"https:\/\/radiowebmx.com\/nota\/wp-json\/wp\/v2\/types\/post"}],"author":[{"embeddable":true,"href":"https:\/\/radiowebmx.com\/nota\/wp-json\/wp\/v2\/users\/1"}],"replies":[{"embeddable":true,"href":"https:\/\/radiowebmx.com\/nota\/wp-json\/wp\/v2\/comments?post=21171"}],"version-history":[{"count":1,"href":"https:\/\/radiowebmx.com\/nota\/wp-json\/wp\/v2\/posts\/21171\/revisions"}],"predecessor-version":[{"id":21173,"href":"https:\/\/radiowebmx.com\/nota\/wp-json\/wp\/v2\/posts\/21171\/revisions\/21173"}],"wp:featuredmedia":[{"embeddable":true,"href":"https:\/\/radiowebmx.com\/nota\/wp-json\/wp\/v2\/media\/21172"}],"wp:attachment":[{"href":"https:\/\/radiowebmx.com\/nota\/wp-json\/wp\/v2\/media?parent=21171"}],"wp:term":[{"taxonomy":"category","embeddable":true,"href":"https:\/\/radiowebmx.com\/nota\/wp-json\/wp\/v2\/categories?post=21171"},{"taxonomy":"post_tag","embeddable":true,"href":"https:\/\/radiowebmx.com\/nota\/wp-json\/wp\/v2\/tags?post=21171"}],"curies":[{"name":"wp","href":"https:\/\/api.w.org\/{rel}","templated":true}]}}