{"id":21168,"date":"2016-01-26T10:28:53","date_gmt":"2016-01-26T16:28:53","guid":{"rendered":"https:\/\/radiowebmx.com\/nota\/?p=21168"},"modified":"2016-01-26T10:29:03","modified_gmt":"2016-01-26T16:29:03","slug":"recorre-silvano-aureoles-instalaciones-del-c5i-de-guanajuato","status":"publish","type":"post","link":"https:\/\/radiowebmx.com\/nota\/recorre-silvano-aureoles-instalaciones-del-c5i-de-guanajuato\/","title":{"rendered":"Recorre Silvano Aureoles instalaciones del C5I de Guanajuato"},"content":{"rendered":"<p>Para conocer el modelo de atenci\u00f3n a las demandas de seguridad de la ciudadan\u00eda y tras manifestar su inter\u00e9s por la construcci\u00f3n de un Centro de Comando, Comunicaciones, C\u00f3mputo, Control, Coordinaci\u00f3n e Inteligencia (C5I) en Michoac\u00e1n, el Gobernador del Estado, Silvano Aureoles Conejo hizo un recorrido por las instalaciones del Centro de Comando ubicado dentro del Puerto Interior de Guanajuato.<\/p>\n<p>Acompa\u00f1ado por el gobernador de esa entidad, Miguel M\u00e1rquez M\u00e1rquez y los integrantes del Grupo de Coordinaci\u00f3n Michoac\u00e1n, el mandatario estatal observ\u00f3 a detalle el funcionamiento del C5I, el cual cuenta con equipo avanzado de monitoreo que permite fortalecer las tareas de inteligencia para el combate a la criminalidad.<\/p>\n<p>Ah\u00ed constataron el nivel de operaci\u00f3n que tiene esta entidad para atender las demandas ciudadanas en materia de seguridad.<\/p>\n<p>En el marco de este encuentro,\u00a0 se desarroll\u00f3 la reuni\u00f3n del Grupo de Coordinaci\u00f3n entre ambas entidades, en la que adem\u00e1s se abord\u00f3 el avance de la puesta en marcha del Proyecto Escudo, que ser\u00e1 operado desde el Centro de Comando, Comunicaciones, C\u00f3mputo, Control, Coordinaci\u00f3n e Inteligencia\u00a0 (C5i), un edificio anti-atentados ubicado en la principal zona industrial del estado, en el Puerto Interior de Guanajuato, cabe destacar que este complejo es \u00fanico en el pa\u00eds.<br \/>\nDe esta forma es como ambas entidades estrechan lazos de coordinaci\u00f3n por ser colindantes.<\/p>\n<p>Los gobernadores de Michoac\u00e1n y de Guanajuato, se dijeron satisfechos por el trabajo que han realizado los gabinetes de seguridad de ambos estados, para combatir la delincuencia y el crimen.<\/p>\n<p>Fue despu\u00e9s de la reuni\u00f3n de seguimiento de esta ma\u00f1ana en Morelia, cuando los integrantes del Grupo de Coordinaci\u00f3n Michoac\u00e1n se trasladaron al estado vecino para dar continuidad al compromiso del mandatario estatal de garantizar la seguridad de los ciudadanos mediante un equipo coordinado y la utilizaci\u00f3n de tecnolog\u00eda avanzada que permitir\u00e1 reducir los \u00edndices de la delincuencia en la entidad.<\/p>\n<p>Por parte de las autoridades de Michoac\u00e1n, participaron tambi\u00e9n el mando especial para la Seguridad en el estado, general Pedro Felipe Gurrola Ram\u00edrez; el secretario de Gobierno, Adri\u00e1n L\u00f3pez Sol\u00eds; el comandante de la D\u00e9cima Zona Naval, Luis Mario Ram\u00f3n Bravo Rom\u00e1n; el comandante de la 21 Zona Militar, Jos\u00e9 Francisco Morales\u00a0 C\u00e1zares; el comandante de la 43 Zona Militar, Luis Ricardo D\u00edaz Palacios; el procurador de Justicia del estado, Jos\u00e9 Mart\u00edn Godoy Castro; el secretario de Seguridad P\u00fablica, Jos\u00e9 Antonio Bernal Bustamante; el delgado de la Secretar\u00eda de Gobernaci\u00f3n, Florentino Coalla Pulido; la delegada de la PGR en el estado, Bertha Paredes Gardu\u00f1o; el coordinador estatal de la Polic\u00eda Federal, Israel Galv\u00e1n Jaime y el delegado del CISEN, Ren\u00e9 Rodr\u00edguez Oviedo; as\u00ed como el secretario particular del Gobernador, Marco Aurelio Nava Cervantes.<\/p>\n","protected":false},"excerpt":{"rendered":"<p>Para conocer el modelo de atenci\u00f3n a las demandas de seguridad de la ciudadan\u00eda y tras manifestar su inter\u00e9s por la construcci\u00f3n de un Centro de Comando,<\/p>\n","protected":false},"author":1,"featured_media":21169,"comment_status":"open","ping_status":"open","sticky":false,"template":"","format":"standard","meta":{"footnotes":""},"categories":[14,3],"tags":[],"class_list":["post-21168","post","type-post","status-publish","format-standard","has-post-thumbnail","hentry","category-destacadas","category-gobierno-del-estado-de-michoacan"],"_links":{"self":[{"href":"https:\/\/radiowebmx.com\/nota\/wp-json\/wp\/v2\/posts\/21168","targetHints":{"allow":["GET"]}}],"collection":[{"href":"https:\/\/radiowebmx.com\/nota\/wp-json\/wp\/v2\/posts"}],"about":[{"href":"https:\/\/radiowebmx.com\/nota\/wp-json\/wp\/v2\/types\/post"}],"author":[{"embeddable":true,"href":"https:\/\/radiowebmx.com\/nota\/wp-json\/wp\/v2\/users\/1"}],"replies":[{"embeddable":true,"href":"https:\/\/radiowebmx.com\/nota\/wp-json\/wp\/v2\/comments?post=21168"}],"version-history":[{"count":1,"href":"https:\/\/radiowebmx.com\/nota\/wp-json\/wp\/v2\/posts\/21168\/revisions"}],"predecessor-version":[{"id":21170,"href":"https:\/\/radiowebmx.com\/nota\/wp-json\/wp\/v2\/posts\/21168\/revisions\/21170"}],"wp:featuredmedia":[{"embeddable":true,"href":"https:\/\/radiowebmx.com\/nota\/wp-json\/wp\/v2\/media\/21169"}],"wp:attachment":[{"href":"https:\/\/radiowebmx.com\/nota\/wp-json\/wp\/v2\/media?parent=21168"}],"wp:term":[{"taxonomy":"category","embeddable":true,"href":"https:\/\/radiowebmx.com\/nota\/wp-json\/wp\/v2\/categories?post=21168"},{"taxonomy":"post_tag","embeddable":true,"href":"https:\/\/radiowebmx.com\/nota\/wp-json\/wp\/v2\/tags?post=21168"}],"curies":[{"name":"wp","href":"https:\/\/api.w.org\/{rel}","templated":true}]}}