{"id":21056,"date":"2016-01-21T14:12:12","date_gmt":"2016-01-21T20:12:12","guid":{"rendered":"https:\/\/radiowebmx.com\/nota\/?p=21056"},"modified":"2016-01-21T14:12:12","modified_gmt":"2016-01-21T20:12:12","slug":"sesion-solemne-y-toma-de-protesta-para-la-instalacion-del-ayuntamiento-constitucional-del-municipio-de-sahuayo","status":"publish","type":"post","link":"https:\/\/radiowebmx.com\/nota\/sesion-solemne-y-toma-de-protesta-para-la-instalacion-del-ayuntamiento-constitucional-del-municipio-de-sahuayo\/","title":{"rendered":"Sesi\u00f3n solemne y toma de protesta para la instalaci\u00f3n del Ayuntamiento Constitucional del municipio de Sahuayo"},"content":{"rendered":"<p><a href=\"https:\/\/radiowebmx.com\/nota\/wp-content\/uploads\/2016\/01\/7ec7359c-2c52-43df-98e8-d28291296dfb.jpg\"><img loading=\"lazy\" decoding=\"async\" class=\"alignleft size-full wp-image-21057\" src=\"https:\/\/radiowebmx.com\/nota\/wp-content\/uploads\/2016\/01\/7ec7359c-2c52-43df-98e8-d28291296dfb.jpg\" alt=\"7ec7359c-2c52-43df-98e8-d28291296dfb\" width=\"591\" height=\"327\" srcset=\"https:\/\/radiowebmx.com\/nota\/wp-content\/uploads\/2016\/01\/7ec7359c-2c52-43df-98e8-d28291296dfb.jpg 591w, https:\/\/radiowebmx.com\/nota\/wp-content\/uploads\/2016\/01\/7ec7359c-2c52-43df-98e8-d28291296dfb-300x166.jpg 300w, https:\/\/radiowebmx.com\/nota\/wp-content\/uploads\/2016\/01\/7ec7359c-2c52-43df-98e8-d28291296dfb-284x158.jpg 284w, https:\/\/radiowebmx.com\/nota\/wp-content\/uploads\/2016\/01\/7ec7359c-2c52-43df-98e8-d28291296dfb-128x72.jpg 128w\" sizes=\"auto, (max-width: 591px) 100vw, 591px\" \/><\/a>Estimadas amigas y amigos m\u00edos de Sahuayo, muchas gracias por recibirnos se\u00f1or presidente municipal Rodrigo S\u00e1nchez Zepeda muchas felicidades a usted y al Cabildo en pleno, se\u00f1ora s\u00edndica, se\u00f1oras regidoras, se\u00f1ores regidores, muchas felicidades. Sinceramente los felicito, mucho \u00e9xito, bienvenidas y bienvenidos, felicidades por la encomienda que hoy reciben.<\/p>\n<p>Saludo tambi\u00e9n con mucho respeto al se\u00f1or delegado de Comunicaciones y Transportes, Alejandro Lambret\u00f3n, en representaci\u00f3n del se\u00f1or presidente de la Rep\u00fablica, licenciado Enrique Pe\u00f1a Nieto; saludar a los se\u00f1ores diputados federales, diputados locales; se\u00f1oras y se\u00f1ores presidentes municipales, gracias por su presencia; a los se\u00f1ores dirigentes de los partidos pol\u00edticos, se\u00f1ores ex presidentes municipales de Sahuayo; a los se\u00f1ores delegados federales, muchas gracias por acompa\u00f1arnos en este acto;\u00a0 a los funcionarios p\u00fablicos del estado y del municipio, de los municipios de esta regi\u00f3n. A los se\u00f1ores representantes de los medios de comunicaci\u00f3n, muchas gracias amigos, amigas; a las mujeres y a los hombres de Sahuayo y de la regi\u00f3n, a los representantes de c\u00e1maras empresariales y asociaciones, en general que hoy se congregan en este importante acto donde rinde protesta como Presidente Municipal de Sahuayo el se\u00f1or arquitecto Rodrigo S\u00e1nchez junto con el Honorable cuerpo de regidoras y regidores.<\/p>\n<p>Es un gusto para m\u00ed poder atestiguar este acto republicano que refleja nuestra madurez pol\u00edtica como municipio pero tambi\u00e9n un reflejo de lo que pasa en nuestro estado y en nuestro pa\u00eds, felicito sinceramente al arquitecto Rodrigo S\u00e1nchez Zepeda por esta nueva responsabilidad, que estoy seguro, habr\u00e1 de desempe\u00f1ar con entrega, compromiso como ya lo ha expresado aqu\u00ed, con plena honestidad, con transparencia y rendici\u00f3n de cuentas, logrando as\u00ed que alcancemos, consolidemos en lo posible la confianza de las ciudadanas y los ciudadanos en sus autoridades y particularmente de la gente de Sahuayo.<\/p>\n<p>Sahuayo queridas amigas, amigos es un gran municipio, es un ejemplo de gente comprometida, de gente tenaz, de gente trabajadora. Particularmente Sahuayo nos ha distinguido, ha caracterizado, se ha caracterizado como un municipio\u00a0 con mujeres y hombres, emprendedoras, emprendedores, si uno habla de la vocaci\u00f3n empresarial casi siempre va a venir a la memoria la gente de Sahuayo. Y ese empuje, esa vocaci\u00f3n, ese compromiso con el desarrollo hay que aprovecharlo presidente para que Sahuayo siga creciendo, siga desarroll\u00e1ndose y alcancemos pronto ese nivel de desarrollo y prosperidad para la gente del municipio que estoy seguro se habr\u00e1 de alcanzar.<\/p>\n<p>El ayuntamiento, el gobierno municipal es la autoridad m\u00e1s cercana a los ciudadanos, es la primera instancia que un ciudadano, una ciudadana acude en busca de encontrar soluci\u00f3n a sus necesidades, a sus problemas y ello hace del gobierno municipal una de las tareas o de las responsabilidades p\u00fablicas quiz\u00e1s de las m\u00e1s bonitas, muy intensa, tiene tambi\u00e9n su carga de trabajo pero bien vale la pena, porque es el encuentro m\u00e1s pr\u00f3ximo, m\u00e1s cercano con las preocupaciones de los ciudadanos. Al presidente municipal o presidenta le llega de inmediato la queja, el reclamo, es la instancia m\u00e1s cercana y ah\u00ed acuden los ciudadanos en busca de soluci\u00f3n a la hora que sea porque para bien y que bueno, casi siempre todos saben d\u00f3nde vive el presidente municipal y a qu\u00e9 horas lo pueden encontrar, si no lo hayan en la presidencia municipal ya saben que en alg\u00fan momento de la noche lo habr\u00e1n de agarrar en su casa y ah\u00ed habr\u00e1 de responder a sus preocupaciones.<\/p>\n<p>Es muy bonito, se lo digo por experiencia, de las experiencias m\u00e1s gratas de estar en un desempe\u00f1o p\u00fablico, con su grado de complejidad, sin duda, pero vale la pena.<\/p>\n","protected":false},"excerpt":{"rendered":"<p>Estimadas amigas y amigos m\u00edos de Sahuayo, muchas gracias por recibirnos se\u00f1or presidente municipal Rodrigo S\u00e1nchez Zepeda muchas felicidades a usted y al Cabildo en pleno, <\/p>\n","protected":false},"author":1,"featured_media":21057,"comment_status":"open","ping_status":"open","sticky":false,"template":"","format":"standard","meta":{"footnotes":""},"categories":[14,3],"tags":[],"class_list":["post-21056","post","type-post","status-publish","format-standard","has-post-thumbnail","hentry","category-destacadas","category-gobierno-del-estado-de-michoacan"],"_links":{"self":[{"href":"https:\/\/radiowebmx.com\/nota\/wp-json\/wp\/v2\/posts\/21056","targetHints":{"allow":["GET"]}}],"collection":[{"href":"https:\/\/radiowebmx.com\/nota\/wp-json\/wp\/v2\/posts"}],"about":[{"href":"https:\/\/radiowebmx.com\/nota\/wp-json\/wp\/v2\/types\/post"}],"author":[{"embeddable":true,"href":"https:\/\/radiowebmx.com\/nota\/wp-json\/wp\/v2\/users\/1"}],"replies":[{"embeddable":true,"href":"https:\/\/radiowebmx.com\/nota\/wp-json\/wp\/v2\/comments?post=21056"}],"version-history":[{"count":1,"href":"https:\/\/radiowebmx.com\/nota\/wp-json\/wp\/v2\/posts\/21056\/revisions"}],"predecessor-version":[{"id":21058,"href":"https:\/\/radiowebmx.com\/nota\/wp-json\/wp\/v2\/posts\/21056\/revisions\/21058"}],"wp:featuredmedia":[{"embeddable":true,"href":"https:\/\/radiowebmx.com\/nota\/wp-json\/wp\/v2\/media\/21057"}],"wp:attachment":[{"href":"https:\/\/radiowebmx.com\/nota\/wp-json\/wp\/v2\/media?parent=21056"}],"wp:term":[{"taxonomy":"category","embeddable":true,"href":"https:\/\/radiowebmx.com\/nota\/wp-json\/wp\/v2\/categories?post=21056"},{"taxonomy":"post_tag","embeddable":true,"href":"https:\/\/radiowebmx.com\/nota\/wp-json\/wp\/v2\/tags?post=21056"}],"curies":[{"name":"wp","href":"https:\/\/api.w.org\/{rel}","templated":true}]}}