{"id":21052,"date":"2016-01-21T14:04:53","date_gmt":"2016-01-21T20:04:53","guid":{"rendered":"https:\/\/radiowebmx.com\/nota\/?p=21052"},"modified":"2016-01-21T14:04:53","modified_gmt":"2016-01-21T20:04:53","slug":"semigrante-y-la-umsnh-unen-esfuerzos-a-favor-de-migrantes-y-sus-familias","status":"publish","type":"post","link":"https:\/\/radiowebmx.com\/nota\/semigrante-y-la-umsnh-unen-esfuerzos-a-favor-de-migrantes-y-sus-familias\/","title":{"rendered":"Semigrante y la UMSNH unen esfuerzos a favor de migrantes y sus familias"},"content":{"rendered":"<p><a href=\"https:\/\/radiowebmx.com\/nota\/wp-content\/uploads\/2016\/01\/8619b2ef-a657-4e3d-ab51-723914af64f61.jpg\"><img loading=\"lazy\" decoding=\"async\" class=\"alignleft size-full wp-image-21054\" src=\"https:\/\/radiowebmx.com\/nota\/wp-content\/uploads\/2016\/01\/8619b2ef-a657-4e3d-ab51-723914af64f61.jpg\" alt=\"8619b2ef-a657-4e3d-ab51-723914af64f6\" width=\"591\" height=\"259\" srcset=\"https:\/\/radiowebmx.com\/nota\/wp-content\/uploads\/2016\/01\/8619b2ef-a657-4e3d-ab51-723914af64f61.jpg 591w, https:\/\/radiowebmx.com\/nota\/wp-content\/uploads\/2016\/01\/8619b2ef-a657-4e3d-ab51-723914af64f61-300x131.jpg 300w\" sizes=\"auto, (max-width: 591px) 100vw, 591px\" \/><\/a>Michoac\u00e1n hoy en d\u00eda es el estado con mayor n\u00famero de migrantes en retorno, pero tambi\u00e9n con m\u00e1s familias separadas a raz\u00f3n del fen\u00f3meno migratorio, por lo que se necesita brindar una atenci\u00f3n especial a estas familias; expres\u00f3 Jos\u00e9 Luis Guti\u00e9rrez, titular de la Secretar\u00eda del Migrante, durante la firma del convenio de colaboraci\u00f3n con la Facultad de Psicolog\u00eda de la Universidad Michoacana de San Nicol\u00e1s de Hidalgo (UMSNH), mediante el cual ambas instancias unir\u00e1n esfuerzos para brindar acompa\u00f1amiento y atenci\u00f3n a los connacionales.<\/p>\n<p>En presencia del rector de la UMSNH, Medardo Serna Gonz\u00e1lez, el Secretario del Migrante invit\u00f3 a toda la comunidad de la Facultad de Psicolog\u00eda a seguirse preparando a trav\u00e9s del estudio y coadyuvar en la tarea de buscar mejores formas de brindar acompa\u00f1amiento a las familias trasnacionales, \u201ceste es el momento en el que necesitamos desde nuestro estado, desde las instituciones educativas, brindar un mejor apoyo a las comunidades migrantes en Estados Unidos y a sus familias en sus lugares de origen\u201d.<\/p>\n<p>Jos\u00e9 Luis Guti\u00e9rrez expres\u00f3 que la firma de este convenio es un paso importante, con \u00e9l se sientan las bases para un Centro de Estudios que se enfoque a este rubro en la UMSNH, al ser Michoac\u00e1n el estado de la Rep\u00fablica que recibe m\u00e1s remesas, que tiene m\u00e1s migrantes en retorno y el mayor n\u00famero de connacionales viviendo en Estados Unidos.<\/p>\n<p>\u201cTenemos que apostarle a la colaboraci\u00f3n, esa es la instrucci\u00f3n expresa del Gobernador del Estado, Silvano Aureoles Conejo, quien tiene una visi\u00f3n muy clara, tenemos que hacer de Michoac\u00e1n un estado modelo de atenci\u00f3n a sus migrantes y necesitamos de la colaboraci\u00f3n de todos, en especial de la UMSNH\u201d, extern\u00f3.<\/p>\n<p>Por su parte, el rector Medardo Serna, celebr\u00f3 la firma de este convenio con el que a trav\u00e9s del esfuerzo de acad\u00e9micos y funcionarios, se estar\u00e1 acompa\u00f1ando a los migrantes y sus familias.<\/p>\n<p>Expres\u00f3 que el sector migrante es de suma relevancia para Michoac\u00e1n, por lo que cuentan con la vocaci\u00f3n de acompa\u00f1amiento y con el compromiso social, de rumbo al centenario de la Universidad Michoacana en octubre del 2017; \u201ctenemos una cartera especial en este tema, primero sintiendo muy de cerca la necesidad de este acompa\u00f1amiento y manifestando el inter\u00e9s y la calidad acad\u00e9mica para participar en el Centro de Estudios a trav\u00e9s de sus diferentes instituciones\u201d.<\/p>\n<p>Expres\u00f3 que la firma de este convenio da inicio a una nueva colaboraci\u00f3n de vinculaci\u00f3n y suma de voluntades, que en coincidencia con el titular de la Semigrante, es lo que requiere Michoac\u00e1n para salir adelante.<\/p>\n<p>As\u00ed mismo, Ra\u00fal Ernesto Garc\u00eda Rodr\u00edguez, director de la Facultad de Psicolog\u00eda, expres\u00f3 que este acuerdo con vigencia de tres a\u00f1os prorrogables, pretende establecer las bases de colaboraci\u00f3n en la realizaci\u00f3n de acciones en \u00e1reas de inter\u00e9s mutuo vinculadas a la protecci\u00f3n, observancia, atenci\u00f3n, promoci\u00f3n y estudio, e implica la realizaci\u00f3n de un programa de trabajo que contempla diversas acciones como la investigaci\u00f3n e intervenci\u00f3n psicosocial.<\/p>\n<p>Tambi\u00e9n estuvieron presentes en el evento, Lenin Cuauht\u00e9moc Villegas, asesor de la Semigrante; Sheyla Aguilar Maga\u00f1a, encargada de la Coordinaci\u00f3n de Pol\u00edticas P\u00fablicas y Programas Transversales de la misma dependencia, y Ana Teresa Malacara Salgado, abogada General de la UMSNH.<\/p>\n","protected":false},"excerpt":{"rendered":"<p>Michoac\u00e1n hoy en d\u00eda es el estado con mayor n\u00famero de migrantes en retorno, pero tambi\u00e9n con m\u00e1s familias separadas a raz\u00f3n del fen\u00f3meno migratorio, por lo que se necesita brindar una atenci\u00f3n especial a estas familias;<\/p>\n","protected":false},"author":1,"featured_media":21053,"comment_status":"open","ping_status":"open","sticky":false,"template":"","format":"standard","meta":{"footnotes":""},"categories":[14,3],"tags":[],"class_list":["post-21052","post","type-post","status-publish","format-standard","has-post-thumbnail","hentry","category-destacadas","category-gobierno-del-estado-de-michoacan"],"_links":{"self":[{"href":"https:\/\/radiowebmx.com\/nota\/wp-json\/wp\/v2\/posts\/21052","targetHints":{"allow":["GET"]}}],"collection":[{"href":"https:\/\/radiowebmx.com\/nota\/wp-json\/wp\/v2\/posts"}],"about":[{"href":"https:\/\/radiowebmx.com\/nota\/wp-json\/wp\/v2\/types\/post"}],"author":[{"embeddable":true,"href":"https:\/\/radiowebmx.com\/nota\/wp-json\/wp\/v2\/users\/1"}],"replies":[{"embeddable":true,"href":"https:\/\/radiowebmx.com\/nota\/wp-json\/wp\/v2\/comments?post=21052"}],"version-history":[{"count":1,"href":"https:\/\/radiowebmx.com\/nota\/wp-json\/wp\/v2\/posts\/21052\/revisions"}],"predecessor-version":[{"id":21055,"href":"https:\/\/radiowebmx.com\/nota\/wp-json\/wp\/v2\/posts\/21052\/revisions\/21055"}],"wp:featuredmedia":[{"embeddable":true,"href":"https:\/\/radiowebmx.com\/nota\/wp-json\/wp\/v2\/media\/21053"}],"wp:attachment":[{"href":"https:\/\/radiowebmx.com\/nota\/wp-json\/wp\/v2\/media?parent=21052"}],"wp:term":[{"taxonomy":"category","embeddable":true,"href":"https:\/\/radiowebmx.com\/nota\/wp-json\/wp\/v2\/categories?post=21052"},{"taxonomy":"post_tag","embeddable":true,"href":"https:\/\/radiowebmx.com\/nota\/wp-json\/wp\/v2\/tags?post=21052"}],"curies":[{"name":"wp","href":"https:\/\/api.w.org\/{rel}","templated":true}]}}