{"id":21049,"date":"2016-01-21T13:55:08","date_gmt":"2016-01-21T19:55:08","guid":{"rendered":"https:\/\/radiowebmx.com\/nota\/?p=21049"},"modified":"2016-01-21T13:55:08","modified_gmt":"2016-01-21T19:55:08","slug":"reconoce-alfonso-martinez-labor-del-ejercito-y-fuerza-aerea-mexicana","status":"publish","type":"post","link":"https:\/\/radiowebmx.com\/nota\/reconoce-alfonso-martinez-labor-del-ejercito-y-fuerza-aerea-mexicana\/","title":{"rendered":"Reconoce Alfonso Mart\u00ednez labor del Ej\u00e9rcito y Fuerza A\u00e9rea Mexicana"},"content":{"rendered":"<p><a href=\"https:\/\/radiowebmx.com\/nota\/wp-content\/uploads\/2016\/01\/8ee8007d-0e39-4cbc-964f-ed2822c1d97a.jpg\"><img loading=\"lazy\" decoding=\"async\" class=\"alignleft size-full wp-image-21050\" src=\"https:\/\/radiowebmx.com\/nota\/wp-content\/uploads\/2016\/01\/8ee8007d-0e39-4cbc-964f-ed2822c1d97a.jpg\" alt=\"8ee8007d-0e39-4cbc-964f-ed2822c1d97a\" width=\"591\" height=\"393\" srcset=\"https:\/\/radiowebmx.com\/nota\/wp-content\/uploads\/2016\/01\/8ee8007d-0e39-4cbc-964f-ed2822c1d97a.jpg 591w, https:\/\/radiowebmx.com\/nota\/wp-content\/uploads\/2016\/01\/8ee8007d-0e39-4cbc-964f-ed2822c1d97a-300x199.jpg 300w\" sizes=\"auto, (max-width: 591px) 100vw, 591px\" \/><\/a>El Ayuntamiento de Morelia que encabeza el Presidente Municipal Alfonso Mart\u00ednez Alc\u00e1zar se uni\u00f3 al reconocimiento que el Poder Judicial realiz\u00f3 al Ej\u00e9rcito, a la Fuerza A\u00e9rea Mexicana y al secretario de Defensa Nacional, Salvador Cienfuegos Zepeda.<\/p>\n<p>Lo anterior al acudir como invitado a la Sesi\u00f3n Solemne llevada a cabo en la sede del Poder Judicial, ceremonia\u00a0 en la cual se resalt\u00f3 la labor que realizan en beneficio de la Patria\u00a0 y por el compromiso que tienen con M\u00e9xico.<\/p>\n<p>El evento estuvo encabezado por Salvador Cienfuegos Zepeda, secretario de la Defensa Nacional, el titular del Poder Judicial, Juan Antonio Maga\u00f1a de la Mora, el Gobernador del Estado, Silvano Aureoles Conejo y el presidente de la Mesa Directiva del Congreso local, Raymundo Arreola, as\u00ed como funcionarios de los tres niveles del gobierno.<\/p>\n<p>Al respecto, el Alcalde Alfonso Mart\u00ednez reiter\u00f3 la gran labor que ambas instituciones realizan por el desarrollo del pa\u00eds, por lo que asegur\u00f3 que su colaboraci\u00f3n es fundamental dentro de las acciones en materia de seguridad que realiza el pa\u00eds para ofrecer a los mexicanos la tranquilidad que requieren.<\/p>\n<p>Es de subrayar que este reconocimiento se da en el marco de su contribuci\u00f3n a los Festejos del Bicentenario de la Instalaci\u00f3n del Supremo Tribunal de Justicia de Ario de Rosales.<\/p>\n","protected":false},"excerpt":{"rendered":"<p>El Ayuntamiento de Morelia que encabeza el Presidente Municipal Alfonso Mart\u00ednez Alc\u00e1zar se uni\u00f3 al reconocimiento que el Poder Judicial realiz\u00f3 al Ej\u00e9rcito, a la Fuerza A\u00e9rea Mexicana y al secretario de Defensa Nacional, Salvador Cienfuegos Zepeda.<\/p>\n","protected":false},"author":1,"featured_media":21050,"comment_status":"open","ping_status":"open","sticky":false,"template":"","format":"standard","meta":{"footnotes":""},"categories":[14,9],"tags":[],"class_list":["post-21049","post","type-post","status-publish","format-standard","has-post-thumbnail","hentry","category-destacadas","category-morelia"],"_links":{"self":[{"href":"https:\/\/radiowebmx.com\/nota\/wp-json\/wp\/v2\/posts\/21049","targetHints":{"allow":["GET"]}}],"collection":[{"href":"https:\/\/radiowebmx.com\/nota\/wp-json\/wp\/v2\/posts"}],"about":[{"href":"https:\/\/radiowebmx.com\/nota\/wp-json\/wp\/v2\/types\/post"}],"author":[{"embeddable":true,"href":"https:\/\/radiowebmx.com\/nota\/wp-json\/wp\/v2\/users\/1"}],"replies":[{"embeddable":true,"href":"https:\/\/radiowebmx.com\/nota\/wp-json\/wp\/v2\/comments?post=21049"}],"version-history":[{"count":1,"href":"https:\/\/radiowebmx.com\/nota\/wp-json\/wp\/v2\/posts\/21049\/revisions"}],"predecessor-version":[{"id":21051,"href":"https:\/\/radiowebmx.com\/nota\/wp-json\/wp\/v2\/posts\/21049\/revisions\/21051"}],"wp:featuredmedia":[{"embeddable":true,"href":"https:\/\/radiowebmx.com\/nota\/wp-json\/wp\/v2\/media\/21050"}],"wp:attachment":[{"href":"https:\/\/radiowebmx.com\/nota\/wp-json\/wp\/v2\/media?parent=21049"}],"wp:term":[{"taxonomy":"category","embeddable":true,"href":"https:\/\/radiowebmx.com\/nota\/wp-json\/wp\/v2\/categories?post=21049"},{"taxonomy":"post_tag","embeddable":true,"href":"https:\/\/radiowebmx.com\/nota\/wp-json\/wp\/v2\/tags?post=21049"}],"curies":[{"name":"wp","href":"https:\/\/api.w.org\/{rel}","templated":true}]}}