{"id":21038,"date":"2016-01-20T12:10:48","date_gmt":"2016-01-20T18:10:48","guid":{"rendered":"https:\/\/radiowebmx.com\/nota\/?p=21038"},"modified":"2016-01-20T12:10:48","modified_gmt":"2016-01-20T18:10:48","slug":"supervisa-gobernador-unidad-especializada-de-combate-al-secuestro","status":"publish","type":"post","link":"https:\/\/radiowebmx.com\/nota\/supervisa-gobernador-unidad-especializada-de-combate-al-secuestro\/","title":{"rendered":"Supervisa Gobernador Unidad Especializada de Combate al Secuestro"},"content":{"rendered":"<p><a href=\"https:\/\/radiowebmx.com\/nota\/wp-content\/uploads\/2016\/01\/75822f80-d0ee-47a3-9471-f9dc6a813d33.jpg\"><img loading=\"lazy\" decoding=\"async\" class=\"alignleft size-full wp-image-21039\" src=\"https:\/\/radiowebmx.com\/nota\/wp-content\/uploads\/2016\/01\/75822f80-d0ee-47a3-9471-f9dc6a813d33.jpg\" alt=\"75822f80-d0ee-47a3-9471-f9dc6a813d33\" width=\"591\" height=\"321\" srcset=\"https:\/\/radiowebmx.com\/nota\/wp-content\/uploads\/2016\/01\/75822f80-d0ee-47a3-9471-f9dc6a813d33.jpg 591w, https:\/\/radiowebmx.com\/nota\/wp-content\/uploads\/2016\/01\/75822f80-d0ee-47a3-9471-f9dc6a813d33-300x163.jpg 300w\" sizes=\"auto, (max-width: 591px) 100vw, 591px\" \/><\/a>El Gobernador de Michoac\u00e1n, Silvano Aureoles Conejo, visit\u00f3 esta noche las instalaciones de la Unidad Especializada de Combate al Secuestro, un \u00e1rea modelo en el pa\u00eds ya que cuenta con estructura de atenci\u00f3n estrat\u00e9gica para la atenci\u00f3n y persecuci\u00f3n del secuestro, as\u00ed como de apoyo\u00a0integral a v\u00edctimas de este delito.<\/p>\n<p>En el recorrido por las instalaciones, el responsable de esta unidad, Rodrigo Gonz\u00e1lez\u00a0Ram\u00edrez, explic\u00f3 al mandatario que se cuenta con \u00e1rea de Ministerios P\u00fablicos, Servicios Periciales, agentes investigadores y Atenci\u00f3n a v\u00edctimas, todos ellos con formaci\u00f3n especializada y \u00a0certificada en el \u00e1rea de secuestros, misma que se ha logrado a trav\u00e9s de la participaci\u00f3n en eventos nacionales e internacionales, con el apoyo de la Coordinaci\u00f3n Nacional del Secuestro.<\/p>\n<p>La Unidad Antisecuestros depende \u00fanicamente \u00a0y exclusivamente del Procurador, Jos\u00e9 Mart\u00edn Godoy Castro, lo que permite tener una autonom\u00eda de operaci\u00f3n para la atenci\u00f3n e intervenci\u00f3n oportuna en este delito; adem\u00e1s de ser una estructura pionera en la homologaci\u00f3n de salarios de su personal, acorde a los compromisos adquiridos en la Conferencia Nacional de Procuraci\u00f3n de Justicia, as\u00ed\u00a0como\u00a0mantener una estrecha coordinaci\u00f3n con la Coordinaci\u00f3n Nacional Antisecuestro \u00a0(CONASE) y dem\u00e1s autoridades federales y la red nacional de Unidades Antisecuestro de las entidades federativas.<\/p>\n<p>Aureoles Conejo celebr\u00f3 que las caracter\u00edsticas de estructura y operaci\u00f3n de la Unidad, permitieron que la de Michoac\u00e1n, fuera una de las cuatro unidades que representaron a M\u00e9xico en el Congreso Internacional de lucha contra el Secuestro y la Extorsi\u00f3n, celebrada \u00a0recientemente en Medell\u00edn, Colombia.<\/p>\n","protected":false},"excerpt":{"rendered":"<p>El Gobernador de Michoac\u00e1n, Silvano Aureoles Conejo, visit\u00f3 esta noche las instalaciones de la Unidad Especializada de Combate al Secuestro, <\/p>\n","protected":false},"author":1,"featured_media":21039,"comment_status":"open","ping_status":"open","sticky":false,"template":"","format":"standard","meta":{"footnotes":""},"categories":[14,3],"tags":[],"class_list":["post-21038","post","type-post","status-publish","format-standard","has-post-thumbnail","hentry","category-destacadas","category-gobierno-del-estado-de-michoacan"],"_links":{"self":[{"href":"https:\/\/radiowebmx.com\/nota\/wp-json\/wp\/v2\/posts\/21038","targetHints":{"allow":["GET"]}}],"collection":[{"href":"https:\/\/radiowebmx.com\/nota\/wp-json\/wp\/v2\/posts"}],"about":[{"href":"https:\/\/radiowebmx.com\/nota\/wp-json\/wp\/v2\/types\/post"}],"author":[{"embeddable":true,"href":"https:\/\/radiowebmx.com\/nota\/wp-json\/wp\/v2\/users\/1"}],"replies":[{"embeddable":true,"href":"https:\/\/radiowebmx.com\/nota\/wp-json\/wp\/v2\/comments?post=21038"}],"version-history":[{"count":1,"href":"https:\/\/radiowebmx.com\/nota\/wp-json\/wp\/v2\/posts\/21038\/revisions"}],"predecessor-version":[{"id":21040,"href":"https:\/\/radiowebmx.com\/nota\/wp-json\/wp\/v2\/posts\/21038\/revisions\/21040"}],"wp:featuredmedia":[{"embeddable":true,"href":"https:\/\/radiowebmx.com\/nota\/wp-json\/wp\/v2\/media\/21039"}],"wp:attachment":[{"href":"https:\/\/radiowebmx.com\/nota\/wp-json\/wp\/v2\/media?parent=21038"}],"wp:term":[{"taxonomy":"category","embeddable":true,"href":"https:\/\/radiowebmx.com\/nota\/wp-json\/wp\/v2\/categories?post=21038"},{"taxonomy":"post_tag","embeddable":true,"href":"https:\/\/radiowebmx.com\/nota\/wp-json\/wp\/v2\/tags?post=21038"}],"curies":[{"name":"wp","href":"https:\/\/api.w.org\/{rel}","templated":true}]}}