{"id":21032,"date":"2016-01-20T12:02:39","date_gmt":"2016-01-20T18:02:39","guid":{"rendered":"https:\/\/radiowebmx.com\/nota\/?p=21032"},"modified":"2016-01-20T12:02:39","modified_gmt":"2016-01-20T18:02:39","slug":"nuevos-nombramientos-en-el-cobaem","status":"publish","type":"post","link":"https:\/\/radiowebmx.com\/nota\/nuevos-nombramientos-en-el-cobaem\/","title":{"rendered":"Nuevos nombramientos en el Cobaem"},"content":{"rendered":"<p><a href=\"https:\/\/radiowebmx.com\/nota\/wp-content\/uploads\/2016\/01\/81bfb442-e07d-4a82-a2e9-423bb93b93d4.jpg\"><img loading=\"lazy\" decoding=\"async\" class=\"alignleft size-full wp-image-21033\" src=\"https:\/\/radiowebmx.com\/nota\/wp-content\/uploads\/2016\/01\/81bfb442-e07d-4a82-a2e9-423bb93b93d4.jpg\" alt=\"81bfb442-e07d-4a82-a2e9-423bb93b93d4\" width=\"591\" height=\"311\" srcset=\"https:\/\/radiowebmx.com\/nota\/wp-content\/uploads\/2016\/01\/81bfb442-e07d-4a82-a2e9-423bb93b93d4.jpg 591w, https:\/\/radiowebmx.com\/nota\/wp-content\/uploads\/2016\/01\/81bfb442-e07d-4a82-a2e9-423bb93b93d4-300x158.jpg 300w\" sizes=\"auto, (max-width: 591px) 100vw, 591px\" \/><\/a>El director general del Colegio de Bachilleres del Estado de Michoac\u00e1n (Cobaem), Alejandro Bustos Aguilar, otorg\u00f3 dos nombramientos con los objetivos de fortalecer a la casa de estudios y de enfrentar de mejor manera los retos de la educaci\u00f3n media superior en la entidad bajo los lineamientos establecidos por el Gobernador Silvano Aureoles Conejo.<\/p>\n<p>Ante funcionarios reunidos en la Sala de Juntas de Direcci\u00f3n General del Cobaem, Alejandro Bustos Aguilar agradeci\u00f3 el trabajo realizado por el bi\u00f3logo Luis Mac\u00edas Nava y present\u00f3 al ingeniero Francisco \u00c1valos M\u00e9ndez como nuevo Coordinador Sectorial No.1, as\u00ed como a Camilo Abraham Torres Flores, quien fungir\u00e1 como Enlace de Comunicaci\u00f3n Social.<\/p>\n<p>A los dos, el Director General del Cobaem les pidi\u00f3 lealtad y compromiso con la instituci\u00f3n, y los conmin\u00f3 a poner todo su talento y creatividad en el cumplimento cabal de sus funciones.<\/p>\n<p>Subray\u00f3 que el Cobaem \u201ces una instituci\u00f3n muy din\u00e1mica por todo el trabajo que realiza\u201d y resalt\u00f3: \u201cel ingeniero Silvano Aureoles Conejo ha depositado la confianza en ustedes, por lo que les pido responsabilidad en sus nuevas encomiendas como funcionarios p\u00fablicos\u201d.<\/p>\n<p>Luis Mac\u00edas agradeci\u00f3 las atenciones que recibi\u00f3 durante su estancia en la instituci\u00f3n y reconoci\u00f3 que en la Coordinaci\u00f3n Sectorial No.1 hay gente muy valiosa, comprometida con su trabajo; asimismo, le dese\u00f3 \u00e9xito al nuevo coordinador y expres\u00f3 que de este subsistema se lleva la amistad de muchas personas que le brindaron su apoyo.<\/p>\n<p>Por su parte, Francisco \u00c1valos agradeci\u00f3 la confianza depositada en \u00e9l y remarc\u00f3: \u201cvamos a trabajar de manera intensa con todas las \u00e1reas y en apego a la normatividad, seremos una Coordinaci\u00f3n de puertas abiertas\u201d.<\/p>\n<p>De su lado, Camilo Torres tambi\u00e9n agradeci\u00f3 la confianza del gobernador para desempe\u00f1ar sus actividades en la instituci\u00f3n educativa.<\/p>\n<p>En su participaci\u00f3n, el secretario general del SITCBEM, Eduardo Mendoza Andrade, manifest\u00f3 su benepl\u00e1cito por estas designaciones y apunt\u00f3: \u201cestas acciones son un aliciente para seguir prepar\u00e1ndose y hacer las cosas de la mejor manera; esto te motiva para que el d\u00eda de ma\u00f1ana todo trabajador aspire a los beneficios que marcan las condiciones generales de trabajo para lograr los ascensos. Tenemos que seguir luchando para que no se pierdan las prestaciones de los trabajadores sindicalizados y no sindicalizados\u201d.<\/p>\n<p>De igual forma, agradeci\u00f3 el acercamiento y di\u00e1logo que ha mantenido con el Director General del Cobaem, ya que esto beneficia a la instituci\u00f3n y, sobre todo, a los trabajadores.<\/p>\n<p>Tambi\u00e9n este martes fueron entregados dos dict\u00e1menes de a\u00f1o sab\u00e1tico a las docentes Mar\u00eda Ang\u00e9lica S\u00e1nchez Vel\u00e1zquez, del plantel Tar\u00edmbaro, y Columba Mungu\u00eda Fajardo, del plantel Uruapan, quienes realizar\u00e1n proyectos educativos para la instituci\u00f3n, los cuales se denominan Portal Educativo y Doctorado en Investigaci\u00f3n y Docencia, respectivamente.<\/p>\n<p>Ang\u00e9lica S\u00e1nchez y Columba Mungu\u00eda agradecieron el apoyo que el Cobaem les brinda para realizar sus proyectos con este a\u00f1o sab\u00e1tico con goce de sueldo.<\/p>\n","protected":false},"excerpt":{"rendered":"<p>El director general del Cobaem, Alejandro Bustos Aguilar, <\/p>\n","protected":false},"author":1,"featured_media":21033,"comment_status":"open","ping_status":"open","sticky":false,"template":"","format":"standard","meta":{"footnotes":""},"categories":[14,3],"tags":[],"class_list":["post-21032","post","type-post","status-publish","format-standard","has-post-thumbnail","hentry","category-destacadas","category-gobierno-del-estado-de-michoacan"],"_links":{"self":[{"href":"https:\/\/radiowebmx.com\/nota\/wp-json\/wp\/v2\/posts\/21032","targetHints":{"allow":["GET"]}}],"collection":[{"href":"https:\/\/radiowebmx.com\/nota\/wp-json\/wp\/v2\/posts"}],"about":[{"href":"https:\/\/radiowebmx.com\/nota\/wp-json\/wp\/v2\/types\/post"}],"author":[{"embeddable":true,"href":"https:\/\/radiowebmx.com\/nota\/wp-json\/wp\/v2\/users\/1"}],"replies":[{"embeddable":true,"href":"https:\/\/radiowebmx.com\/nota\/wp-json\/wp\/v2\/comments?post=21032"}],"version-history":[{"count":1,"href":"https:\/\/radiowebmx.com\/nota\/wp-json\/wp\/v2\/posts\/21032\/revisions"}],"predecessor-version":[{"id":21034,"href":"https:\/\/radiowebmx.com\/nota\/wp-json\/wp\/v2\/posts\/21032\/revisions\/21034"}],"wp:featuredmedia":[{"embeddable":true,"href":"https:\/\/radiowebmx.com\/nota\/wp-json\/wp\/v2\/media\/21033"}],"wp:attachment":[{"href":"https:\/\/radiowebmx.com\/nota\/wp-json\/wp\/v2\/media?parent=21032"}],"wp:term":[{"taxonomy":"category","embeddable":true,"href":"https:\/\/radiowebmx.com\/nota\/wp-json\/wp\/v2\/categories?post=21032"},{"taxonomy":"post_tag","embeddable":true,"href":"https:\/\/radiowebmx.com\/nota\/wp-json\/wp\/v2\/tags?post=21032"}],"curies":[{"name":"wp","href":"https:\/\/api.w.org\/{rel}","templated":true}]}}