{"id":21025,"date":"2016-01-20T11:48:32","date_gmt":"2016-01-20T17:48:32","guid":{"rendered":"https:\/\/radiowebmx.com\/nota\/?p=21025"},"modified":"2016-01-20T11:48:32","modified_gmt":"2016-01-20T17:48:32","slug":"michoacan-primer-lugar-en-valor-de-la-produccion-agricola","status":"publish","type":"post","link":"https:\/\/radiowebmx.com\/nota\/michoacan-primer-lugar-en-valor-de-la-produccion-agricola\/","title":{"rendered":"Michoac\u00e1n, primer lugar en valor de la producci\u00f3n agr\u00edcola"},"content":{"rendered":"<p><a href=\"https:\/\/radiowebmx.com\/nota\/wp-content\/uploads\/2016\/01\/33d66e90-6810-4595-be1c-fe880d05102c.jpg\"><img loading=\"lazy\" decoding=\"async\" class=\"alignleft size-full wp-image-21026\" src=\"https:\/\/radiowebmx.com\/nota\/wp-content\/uploads\/2016\/01\/33d66e90-6810-4595-be1c-fe880d05102c.jpg\" alt=\"33d66e90-6810-4595-be1c-fe880d05102c\" width=\"591\" height=\"314\" srcset=\"https:\/\/radiowebmx.com\/nota\/wp-content\/uploads\/2016\/01\/33d66e90-6810-4595-be1c-fe880d05102c.jpg 591w, https:\/\/radiowebmx.com\/nota\/wp-content\/uploads\/2016\/01\/33d66e90-6810-4595-be1c-fe880d05102c-300x159.jpg 300w\" sizes=\"auto, (max-width: 591px) 100vw, 591px\" \/><\/a>Michoac\u00e1n ocupa el primer lugar a nivel nacional en valor de la producci\u00f3n agr\u00edcola, condici\u00f3n que convertiremos en una palanca para el desarrollo, afirm\u00f3 el titular de la Secretar\u00eda de Desarrollo Rural y Agroalimentario (Sedrua), Israel Tentory Garc\u00eda, durante la inauguraci\u00f3n\u00a0 del Primer Congreso Nacional Agrario, evento al que asisti\u00f3 en representaci\u00f3n del Gobernador del Estado, Silvano Aureoles Conejo.<\/p>\n<p>En este marco, refrend\u00f3 que el compromiso del mandatario michoacano con el sector agropecuario es estrat\u00e9gico y prioritario para el desarrollo en la entidad, ya que en valor de la producci\u00f3n agr\u00edcola el estado genera casi 46 mil millones de pesos.<\/p>\n<p>Tentory Garc\u00eda detall\u00f3 que el 31 por ciento de la poblaci\u00f3n michoacana vive en zona rural, cuando la media nacional es del 22 por ciento. Ante ello, indic\u00f3 que es primordial reorientar las pol\u00edticas p\u00fablicas y los presupuestos para que brinden mayores beneficios a los ciudadanos y esto se refleje en mejor calidad de vida.<\/p>\n<p>En este tenor, reconoci\u00f3 que es necesario impulsar el progreso, el desarrollo, la sostenibilidad y la sustentabilidad en el sector agropecuario, por lo que record\u00f3 los cinco ejes torales de la pol\u00edtica de la Sedrua en este 2016: Planeaci\u00f3n de la producci\u00f3n, Valor agregado a los productos, Apertura y desarrollo de mercados, Desarrollo de capacidades, y Organizaci\u00f3n y financiamiento.<\/p>\n<p>En su mensaje, el secretario felicit\u00f3 a la Facultad de Derecho y Ciencias Sociales de la Universidad Michoacana de San Nicol\u00e1s de Hidalgo, as\u00ed como a los organizadores del Primer Congreso Nacional Agrario, pues contribuir\u00e1 al proyecto de desarrollo agropecuario del Gobierno del Estado, cuyo objetivo principal es construir un mejor Michoac\u00e1n.<\/p>\n","protected":false},"excerpt":{"rendered":"<p>Michoac\u00e1n ocupa el primer lugar a nivel nacional en valor de la producci\u00f3n agr\u00edcola, condici\u00f3n que convertiremos en una palanca para el desarrollo, afirm\u00f3 el titular de la Sedrua,<\/p>\n","protected":false},"author":1,"featured_media":21026,"comment_status":"open","ping_status":"open","sticky":false,"template":"","format":"standard","meta":{"footnotes":""},"categories":[14,3],"tags":[],"class_list":["post-21025","post","type-post","status-publish","format-standard","has-post-thumbnail","hentry","category-destacadas","category-gobierno-del-estado-de-michoacan"],"_links":{"self":[{"href":"https:\/\/radiowebmx.com\/nota\/wp-json\/wp\/v2\/posts\/21025","targetHints":{"allow":["GET"]}}],"collection":[{"href":"https:\/\/radiowebmx.com\/nota\/wp-json\/wp\/v2\/posts"}],"about":[{"href":"https:\/\/radiowebmx.com\/nota\/wp-json\/wp\/v2\/types\/post"}],"author":[{"embeddable":true,"href":"https:\/\/radiowebmx.com\/nota\/wp-json\/wp\/v2\/users\/1"}],"replies":[{"embeddable":true,"href":"https:\/\/radiowebmx.com\/nota\/wp-json\/wp\/v2\/comments?post=21025"}],"version-history":[{"count":1,"href":"https:\/\/radiowebmx.com\/nota\/wp-json\/wp\/v2\/posts\/21025\/revisions"}],"predecessor-version":[{"id":21028,"href":"https:\/\/radiowebmx.com\/nota\/wp-json\/wp\/v2\/posts\/21025\/revisions\/21028"}],"wp:featuredmedia":[{"embeddable":true,"href":"https:\/\/radiowebmx.com\/nota\/wp-json\/wp\/v2\/media\/21026"}],"wp:attachment":[{"href":"https:\/\/radiowebmx.com\/nota\/wp-json\/wp\/v2\/media?parent=21025"}],"wp:term":[{"taxonomy":"category","embeddable":true,"href":"https:\/\/radiowebmx.com\/nota\/wp-json\/wp\/v2\/categories?post=21025"},{"taxonomy":"post_tag","embeddable":true,"href":"https:\/\/radiowebmx.com\/nota\/wp-json\/wp\/v2\/tags?post=21025"}],"curies":[{"name":"wp","href":"https:\/\/api.w.org\/{rel}","templated":true}]}}