{"id":21022,"date":"2016-01-20T11:46:17","date_gmt":"2016-01-20T17:46:17","guid":{"rendered":"https:\/\/radiowebmx.com\/nota\/?p=21022"},"modified":"2016-01-20T11:46:17","modified_gmt":"2016-01-20T17:46:17","slug":"se-consolida-el-cecytem-morelia-como-la-mejor-opcion-para-los-estudiantes","status":"publish","type":"post","link":"https:\/\/radiowebmx.com\/nota\/se-consolida-el-cecytem-morelia-como-la-mejor-opcion-para-los-estudiantes\/","title":{"rendered":"Se consolida el CECyTEM Morelia como la mejor opci\u00f3n para los estudiantes"},"content":{"rendered":"<p><a href=\"https:\/\/radiowebmx.com\/nota\/wp-content\/uploads\/2016\/01\/920f31aa-7a2d-4aa9-a45f-ab6a8b970ebf.jpg\"><img loading=\"lazy\" decoding=\"async\" class=\"alignleft size-full wp-image-21023\" src=\"https:\/\/radiowebmx.com\/nota\/wp-content\/uploads\/2016\/01\/920f31aa-7a2d-4aa9-a45f-ab6a8b970ebf.jpg\" alt=\"920f31aa-7a2d-4aa9-a45f-ab6a8b970ebf\" width=\"591\" height=\"364\" srcset=\"https:\/\/radiowebmx.com\/nota\/wp-content\/uploads\/2016\/01\/920f31aa-7a2d-4aa9-a45f-ab6a8b970ebf.jpg 591w, https:\/\/radiowebmx.com\/nota\/wp-content\/uploads\/2016\/01\/920f31aa-7a2d-4aa9-a45f-ab6a8b970ebf-300x185.jpg 300w\" sizes=\"auto, (max-width: 591px) 100vw, 591px\" \/><\/a>Ferm\u00edn Gonz\u00e1lez Cansino, director del plantel 12 Morelia \u201cM.C. Julio Antonio Luna Garc\u00eda\u201d, del Colegio de Estudios Cient\u00edficos y Tecnol\u00f3gicos del Estado de Michoac\u00e1n (CECyTEM), destac\u00f3 que la expectativa para el presente a\u00f1o 2016 es mantener el crecimiento de la matr\u00edcula, y detall\u00f3 que se cuentan con 15 grupos de nuevo ingreso y un total de mil 290 alumnos.<\/p>\n<p>Inform\u00f3 que existe la posibilidad de que se autoricen dos nuevas especialidades para el plantel: Laboratorista cl\u00ednico, del \u00e1rea Qu\u00edmica Biol\u00f3gica; y Soporte y mantenimiento de equipo de c\u00f3mputo, del \u00e1rea de F\u00edsico Matem\u00e1ticas. De aprobarse, ser\u00edan 17 grupos de nuevo ingreso, con una matr\u00edcula de 720 alumnos que se integrar\u00edan al plantel en el mes de julio.<\/p>\n<p>En cuanto a lo acad\u00e9mico, resalt\u00f3 que en la pasada Jornada Acad\u00e9mica Estatal el plantel logr\u00f3 un segundo lugar, e indic\u00f3 que este 2016 se trabajar\u00e1 por lograr el primer lugar. \u201cPor ser un plantel ubicado en la capital del estado debe ser uno de los mejores en todos los \u00e1mbitos\u201d, enfatiz\u00f3 Gonz\u00e1lez Cansino.<\/p>\n<p>En lo que respecta a infraestructura, expres\u00f3: \u201cgracias al apoyo de los padres de familia vamos a continuar creciendo, ya que actualmente se construye la barda perimetral, se edific\u00f3 un laboratorio de programaci\u00f3n, y en los pr\u00f3ximos meses se equipar\u00e1 con alta tecnolog\u00eda; adem\u00e1s, la Direcci\u00f3n General del CECyTEM, a cargo de Mar\u00eda del Carmen Escobedo P\u00e9rez, realiza gestiones ante el Ayuntamiento de Morelia para la construcci\u00f3n de dos nuevas aulas\u201d.<\/p>\n<p>Hizo hincapi\u00e9 en la importancia del ambiente laboral, ya que se trabaja de manera conjunta con los docentes y el sindicato para lograr acuerdos que favorezcan las actividades en el plantel.<\/p>\n<p>Por \u00faltimo, Ferm\u00edn Gonz\u00e1lez Cansino asegur\u00f3 que los j\u00f3venes que estudian la secundaria pueden ver al CECyTEM como una de las mejores opciones para continuar con sus estudios de nivel medio superior, y agreg\u00f3 que el plantel 12 est\u00e1 consolidado y es uno de los mejores del estado, pues cuenta con laboratorios y talleres,\u00a0los alumnos participan activamente en las olimpiadas de Qu\u00edmica, Matem\u00e1ticas, Inform\u00e1tica y Biolog\u00eda, existen buenos maestros, y las instalaciones son apropiadas para el buen desarrollo de los estudiantes.<\/p>\n","protected":false},"excerpt":{"rendered":"<p>Ferm\u00edn Gonz\u00e1lez Cansino, director del plantel 12 Morelia \u201cM.C. Julio Antonio Luna Garc\u00eda\u201d, del CECyTEM,<\/p>\n","protected":false},"author":1,"featured_media":21023,"comment_status":"open","ping_status":"open","sticky":false,"template":"","format":"standard","meta":{"footnotes":""},"categories":[14,3],"tags":[],"class_list":["post-21022","post","type-post","status-publish","format-standard","has-post-thumbnail","hentry","category-destacadas","category-gobierno-del-estado-de-michoacan"],"_links":{"self":[{"href":"https:\/\/radiowebmx.com\/nota\/wp-json\/wp\/v2\/posts\/21022","targetHints":{"allow":["GET"]}}],"collection":[{"href":"https:\/\/radiowebmx.com\/nota\/wp-json\/wp\/v2\/posts"}],"about":[{"href":"https:\/\/radiowebmx.com\/nota\/wp-json\/wp\/v2\/types\/post"}],"author":[{"embeddable":true,"href":"https:\/\/radiowebmx.com\/nota\/wp-json\/wp\/v2\/users\/1"}],"replies":[{"embeddable":true,"href":"https:\/\/radiowebmx.com\/nota\/wp-json\/wp\/v2\/comments?post=21022"}],"version-history":[{"count":1,"href":"https:\/\/radiowebmx.com\/nota\/wp-json\/wp\/v2\/posts\/21022\/revisions"}],"predecessor-version":[{"id":21024,"href":"https:\/\/radiowebmx.com\/nota\/wp-json\/wp\/v2\/posts\/21022\/revisions\/21024"}],"wp:featuredmedia":[{"embeddable":true,"href":"https:\/\/radiowebmx.com\/nota\/wp-json\/wp\/v2\/media\/21023"}],"wp:attachment":[{"href":"https:\/\/radiowebmx.com\/nota\/wp-json\/wp\/v2\/media?parent=21022"}],"wp:term":[{"taxonomy":"category","embeddable":true,"href":"https:\/\/radiowebmx.com\/nota\/wp-json\/wp\/v2\/categories?post=21022"},{"taxonomy":"post_tag","embeddable":true,"href":"https:\/\/radiowebmx.com\/nota\/wp-json\/wp\/v2\/tags?post=21022"}],"curies":[{"name":"wp","href":"https:\/\/api.w.org\/{rel}","templated":true}]}}