{"id":20931,"date":"2016-01-15T12:48:51","date_gmt":"2016-01-15T18:48:51","guid":{"rendered":"https:\/\/radiowebmx.com\/nota\/?p=20931"},"modified":"2016-01-15T12:48:51","modified_gmt":"2016-01-15T18:48:51","slug":"silvano-cumple-su-compromiso-de-fortalecer-la-transparencia-resalta-la-secoem","status":"publish","type":"post","link":"https:\/\/radiowebmx.com\/nota\/silvano-cumple-su-compromiso-de-fortalecer-la-transparencia-resalta-la-secoem\/","title":{"rendered":"Silvano cumple su compromiso de fortalecer la transparencia, resalta la SECOEM"},"content":{"rendered":"<p><a href=\"https:\/\/radiowebmx.com\/nota\/wp-content\/uploads\/2016\/01\/f71954db-1d5d-4000-9370-58b6f3113d02.jpg\"><img loading=\"lazy\" decoding=\"async\" class=\"alignleft size-full wp-image-20932\" src=\"https:\/\/radiowebmx.com\/nota\/wp-content\/uploads\/2016\/01\/f71954db-1d5d-4000-9370-58b6f3113d02.jpg\" alt=\"f71954db-1d5d-4000-9370-58b6f3113d02\" width=\"591\" height=\"325\" srcset=\"https:\/\/radiowebmx.com\/nota\/wp-content\/uploads\/2016\/01\/f71954db-1d5d-4000-9370-58b6f3113d02.jpg 591w, https:\/\/radiowebmx.com\/nota\/wp-content\/uploads\/2016\/01\/f71954db-1d5d-4000-9370-58b6f3113d02-300x165.jpg 300w\" sizes=\"auto, (max-width: 591px) 100vw, 591px\" \/><\/a>En el marco de los primeros 100 d\u00edas de la administraci\u00f3n que encabeza el Gobernador Silvano Aureoles Conejo, la titular de la Secretar\u00eda de Contralor\u00eda de Michoac\u00e1n (SECOEM), Silvia Estrada Esquivel, dio a conocer las acciones que ha llevado a cabo la dependencia para fortalecer la transparencia en la entidad.<\/p>\n<p>En conferencia de prensa, destac\u00f3 que con la instauraci\u00f3n de las contralor\u00edas internas ser\u00e1n vigiladas en tiempo real las obras y programas sociales gestionados a trav\u00e9s de las distintas dependencias.<\/p>\n<p>Explic\u00f3 que las contralor\u00edas internas depender\u00e1n del eje rector de la SECOEM, y que se espera que en menos de seis meses se tenga listo el dictamen final de las quejas y denuncias presentadas por ciudadanos sobre el mal desempe\u00f1o de alg\u00fan funcionario o de alguna dependencia.<\/p>\n<p>Como parte de la campa\u00f1a \u201cCero Tolerancia a la Corrupci\u00f3n\u201d, otra acci\u00f3n que dar\u00e1 mayor veracidad a las acciones planteadas por la SECOEM ser\u00e1 la implementaci\u00f3n del denominado \u201cCiudadano Encubierto\u201d, que tendr\u00e1 la funci\u00f3n de realizar encuestas de algunas \u00e1reas de atenci\u00f3n al p\u00fablico con el fin de determinar el desempe\u00f1o y calidad en el servicio de las dependencias.<\/p>\n<p>Estrada Esquivel resalt\u00f3 que el aumento de las denuncias ciudadanas durante el \u00faltimo a\u00f1o fue de importancia para que el Gobernador Silvano Aureoles ordenara que a m\u00e1s tardar este mes de enero sean instaladas las ventanillas en las 10 regiones de\u00a0Michoac\u00e1n, cuyo objetivo ser\u00e1 que los ciudadanos puedan presentar quejas y denuncias de forma r\u00e1pida y f\u00e1cil sobre el mal desempe\u00f1o de alg\u00fan servidor p\u00fablico o dependencia.<\/p>\n<p>Asimismo, indic\u00f3 que se espera que con la apertura de los observatorios juveniles y los talleres a la ni\u00f1ez en temas de transparencia, honestidad y legalidad, sean mecanismos importantes para fomentar en ellos la cultura de la transparencia y la denuncia.<\/p>\n<p>\u201cLos j\u00f3venes son los mejores cr\u00edticos para se\u00f1alar cuando las cosas se est\u00e1n haciendo mal. Por esta raz\u00f3n es que los haremos part\u00edcipes para la fiscalizaci\u00f3n de los recursos p\u00fablicos de sus instituciones educativas y se animen a formar parte de las contralor\u00edas sociales que se formar\u00e1n en sus municipios\u201d, apunt\u00f3 la secretaria.<\/p>\n","protected":false},"excerpt":{"rendered":"<p>En el marco de los primeros 100 d\u00edas de la administraci\u00f3n que encabeza el Gobernador Silvano Aureoles Conejo, la titular de la SECOEM, Silvia Estrada Esquivel, <\/p>\n","protected":false},"author":1,"featured_media":20932,"comment_status":"open","ping_status":"open","sticky":false,"template":"","format":"standard","meta":{"footnotes":""},"categories":[14,3],"tags":[],"class_list":["post-20931","post","type-post","status-publish","format-standard","has-post-thumbnail","hentry","category-destacadas","category-gobierno-del-estado-de-michoacan"],"_links":{"self":[{"href":"https:\/\/radiowebmx.com\/nota\/wp-json\/wp\/v2\/posts\/20931","targetHints":{"allow":["GET"]}}],"collection":[{"href":"https:\/\/radiowebmx.com\/nota\/wp-json\/wp\/v2\/posts"}],"about":[{"href":"https:\/\/radiowebmx.com\/nota\/wp-json\/wp\/v2\/types\/post"}],"author":[{"embeddable":true,"href":"https:\/\/radiowebmx.com\/nota\/wp-json\/wp\/v2\/users\/1"}],"replies":[{"embeddable":true,"href":"https:\/\/radiowebmx.com\/nota\/wp-json\/wp\/v2\/comments?post=20931"}],"version-history":[{"count":1,"href":"https:\/\/radiowebmx.com\/nota\/wp-json\/wp\/v2\/posts\/20931\/revisions"}],"predecessor-version":[{"id":20933,"href":"https:\/\/radiowebmx.com\/nota\/wp-json\/wp\/v2\/posts\/20931\/revisions\/20933"}],"wp:featuredmedia":[{"embeddable":true,"href":"https:\/\/radiowebmx.com\/nota\/wp-json\/wp\/v2\/media\/20932"}],"wp:attachment":[{"href":"https:\/\/radiowebmx.com\/nota\/wp-json\/wp\/v2\/media?parent=20931"}],"wp:term":[{"taxonomy":"category","embeddable":true,"href":"https:\/\/radiowebmx.com\/nota\/wp-json\/wp\/v2\/categories?post=20931"},{"taxonomy":"post_tag","embeddable":true,"href":"https:\/\/radiowebmx.com\/nota\/wp-json\/wp\/v2\/tags?post=20931"}],"curies":[{"name":"wp","href":"https:\/\/api.w.org\/{rel}","templated":true}]}}