{"id":20919,"date":"2016-01-15T12:06:02","date_gmt":"2016-01-15T18:06:02","guid":{"rendered":"https:\/\/radiowebmx.com\/nota\/?p=20919"},"modified":"2016-01-15T12:06:02","modified_gmt":"2016-01-15T18:06:02","slug":"la-educacion-una-de-las-fuerzas-transformadoras-mas-importantes-cobaem","status":"publish","type":"post","link":"https:\/\/radiowebmx.com\/nota\/la-educacion-una-de-las-fuerzas-transformadoras-mas-importantes-cobaem\/","title":{"rendered":"La educaci\u00f3n, una de las fuerzas transformadoras m\u00e1s importantes: Cobaem"},"content":{"rendered":"<p><a href=\"https:\/\/radiowebmx.com\/nota\/wp-content\/uploads\/2016\/01\/34e451c7-aeaa-4e1c-8b50-94278066ad53.jpg\"><img loading=\"lazy\" decoding=\"async\" class=\"alignleft size-full wp-image-20920\" src=\"https:\/\/radiowebmx.com\/nota\/wp-content\/uploads\/2016\/01\/34e451c7-aeaa-4e1c-8b50-94278066ad53.jpg\" alt=\"34e451c7-aeaa-4e1c-8b50-94278066ad53\" width=\"591\" height=\"334\" srcset=\"https:\/\/radiowebmx.com\/nota\/wp-content\/uploads\/2016\/01\/34e451c7-aeaa-4e1c-8b50-94278066ad53.jpg 591w, https:\/\/radiowebmx.com\/nota\/wp-content\/uploads\/2016\/01\/34e451c7-aeaa-4e1c-8b50-94278066ad53-300x170.jpg 300w, https:\/\/radiowebmx.com\/nota\/wp-content\/uploads\/2016\/01\/34e451c7-aeaa-4e1c-8b50-94278066ad53-128x72.jpg 128w\" sizes=\"auto, (max-width: 591px) 100vw, 591px\" \/><\/a>El Gobierno del Estado entreg\u00f3 en comodato el inmueble donde ser\u00e1 construido el plantel del Sistema de Ense\u00f1anza Abierta (SEA) de la Unidad en Ciudad Hidalgo del Colegio de Bachilleres del Estado de Michoac\u00e1n (Cobaem).<\/p>\n<p>Durante la ceremonia protocolaria celebrada este mi\u00e9rcoles, el director general del Cobaem, Alejandro Bustos Aguilar, le agradeci\u00f3 al director de Patrimonio Estatal, Ra\u00fal R\u00edos, el trabajo que realiz\u00f3 para concretar esta acci\u00f3n, que permitir\u00e1 que el Colegio de Bachilleres fortalezca su trabajo en beneficio de los michoacanos que deseen estudiar el bachillerato.<\/p>\n<p>En este tenor, record\u00f3 que el Gobernador del Estado, Silvano Aureoles Conejo, se ha comprometido a respaldar irrestrictamente la educaci\u00f3n, \u201cuna de las fuerzas transformadoras m\u00e1s importantes de nuestro entorno social\u201d.<\/p>\n<p>En este tenor, el Director de Patrimonio Estatal resalt\u00f3 que el titular del Ejecutivo michoacano gir\u00f3 instrucciones precisas para agilizar el proyecto educativo del Cobaem Ciudad Hidalgo.<\/p>\n<p>De su lado, \u00a0el ciudadano Roberto Molina, gestor del proyecto, coment\u00f3 que la creaci\u00f3n del SEA Ciudad Hidalgo \u201csurgi\u00f3 de una pl\u00e1tica entre algunos interesados de contar en este municipio con educaci\u00f3n media superior de calidad, como la que ofrece el Cobaem\u201d.<\/p>\n<p>Y remarc\u00f3: \u201cEste programa que ofrece el Sistema de Ense\u00f1anza Abierta es muy noble porque permite a todos los interesados que por alguna causa no pudieron terminar su preparatoria lo pueden lograr con este servicio de educaci\u00f3n que ofrece el Cobaem, por eso felicito a todos los involucrados en este proyecto\u201d.<\/p>\n<p>A la ceremonia tambi\u00e9n asistieron la directora del SEA Ciudad Hidalgo, Guadalupe Carrillo Mart\u00ednez, as\u00ed como personal directivo y docente.<\/p>\n","protected":false},"excerpt":{"rendered":"<p>El Gobierno del Estado entreg\u00f3 en comodato el inmueble donde ser\u00e1 construido el plantel del Sistema de Ense\u00f1anza Abierta SEA de la Unidad en Ciudad Hidalgo del Colegio de Bachilleres del Estado de Michoac\u00e1n Cobaem.<\/p>\n","protected":false},"author":1,"featured_media":20920,"comment_status":"open","ping_status":"open","sticky":false,"template":"","format":"standard","meta":{"footnotes":""},"categories":[14,3],"tags":[],"class_list":["post-20919","post","type-post","status-publish","format-standard","has-post-thumbnail","hentry","category-destacadas","category-gobierno-del-estado-de-michoacan"],"_links":{"self":[{"href":"https:\/\/radiowebmx.com\/nota\/wp-json\/wp\/v2\/posts\/20919","targetHints":{"allow":["GET"]}}],"collection":[{"href":"https:\/\/radiowebmx.com\/nota\/wp-json\/wp\/v2\/posts"}],"about":[{"href":"https:\/\/radiowebmx.com\/nota\/wp-json\/wp\/v2\/types\/post"}],"author":[{"embeddable":true,"href":"https:\/\/radiowebmx.com\/nota\/wp-json\/wp\/v2\/users\/1"}],"replies":[{"embeddable":true,"href":"https:\/\/radiowebmx.com\/nota\/wp-json\/wp\/v2\/comments?post=20919"}],"version-history":[{"count":1,"href":"https:\/\/radiowebmx.com\/nota\/wp-json\/wp\/v2\/posts\/20919\/revisions"}],"predecessor-version":[{"id":20921,"href":"https:\/\/radiowebmx.com\/nota\/wp-json\/wp\/v2\/posts\/20919\/revisions\/20921"}],"wp:featuredmedia":[{"embeddable":true,"href":"https:\/\/radiowebmx.com\/nota\/wp-json\/wp\/v2\/media\/20920"}],"wp:attachment":[{"href":"https:\/\/radiowebmx.com\/nota\/wp-json\/wp\/v2\/media?parent=20919"}],"wp:term":[{"taxonomy":"category","embeddable":true,"href":"https:\/\/radiowebmx.com\/nota\/wp-json\/wp\/v2\/categories?post=20919"},{"taxonomy":"post_tag","embeddable":true,"href":"https:\/\/radiowebmx.com\/nota\/wp-json\/wp\/v2\/tags?post=20919"}],"curies":[{"name":"wp","href":"https:\/\/api.w.org\/{rel}","templated":true}]}}