{"id":20915,"date":"2016-01-14T11:51:37","date_gmt":"2016-01-14T17:51:37","guid":{"rendered":"https:\/\/radiowebmx.com\/nota\/?p=20915"},"modified":"2016-01-14T11:51:37","modified_gmt":"2016-01-14T17:51:37","slug":"los-servicios-educativos-de-la-univim-a-la-region-lerma-chapala","status":"publish","type":"post","link":"https:\/\/radiowebmx.com\/nota\/los-servicios-educativos-de-la-univim-a-la-region-lerma-chapala\/","title":{"rendered":"Los servicios educativos de la Univim, a la regi\u00f3n Lerma-Chapala"},"content":{"rendered":"<p><a href=\"https:\/\/radiowebmx.com\/nota\/wp-content\/uploads\/2016\/01\/e791de98-14ee-45ec-ad78-304156833979.jpg\"><img loading=\"lazy\" decoding=\"async\" class=\"alignleft size-full wp-image-20916\" src=\"https:\/\/radiowebmx.com\/nota\/wp-content\/uploads\/2016\/01\/e791de98-14ee-45ec-ad78-304156833979.jpg\" alt=\"e791de98-14ee-45ec-ad78-304156833979\" width=\"591\" height=\"262\" srcset=\"https:\/\/radiowebmx.com\/nota\/wp-content\/uploads\/2016\/01\/e791de98-14ee-45ec-ad78-304156833979.jpg 591w, https:\/\/radiowebmx.com\/nota\/wp-content\/uploads\/2016\/01\/e791de98-14ee-45ec-ad78-304156833979-300x133.jpg 300w\" sizes=\"auto, (max-width: 591px) 100vw, 591px\" \/><\/a>Los alcaldes de la regi\u00f3n Lerma-Chapala manifestaron su inter\u00e9s en acercar a los habitantes de sus municipios los servicios educativos que ofrece la Universidad Virtual del Estado de Michoac\u00e1n (Univim), destac\u00f3 la rectora, Silvia Mendoza Valenzuela.<\/p>\n<p>El martes pasado, en el marco de la inauguraci\u00f3n del octavo Foro de Consulta y Participaci\u00f3n Ciudadana, en el municipio de Zamora, la rectora les explic\u00f3 a los 17 alcaldes de la regi\u00f3n Lerma-Chapala las ventajas de la educaci\u00f3n virtual y c\u00f3mo se puede acercar a los ciudadanos los servicios de la Univim a trav\u00e9s de la instalaci\u00f3n de las Unidades Virtuales de Extensi\u00f3n Universitaria (UVEUs).<\/p>\n<p>Detall\u00f3 que las UVEUs son instaladas mediante la firma de un convenio de colaboraci\u00f3n con los ayuntamientos e implica la habilitaci\u00f3n de un espacio f\u00edsico con equipo de c\u00f3mputo que cuente con acceso a Internet, el cual es atendido por un asesor encargado.<\/p>\n<p>Los mun\u00edcipes expresaron su inter\u00e9s en firmar dicho convenio, ya que reconocieron que la Univim es una excelente opci\u00f3n para las personas de escasos recursos que desean estudiar.<\/p>\n<p>En este tenor, resaltaron la importancia de fortalecer la cobertura de educaci\u00f3n media superior y superior en toda la geograf\u00eda michoacana.<\/p>\n<p>Cabe mencionar que durante el evento, el cual fue encabezado por el Gobernador de Michoac\u00e1n, Silvano Aureoles Conejo, la rectora e integrantes de su equipo de trabajo promovieron los servicios de educaci\u00f3n superior que brinda la Univim, que ofrece seis Licenciaturas gratuitas, dos Maestr\u00edas, un Doctorado y 16 Diplomados<\/p>\n","protected":false},"excerpt":{"rendered":"<p>Los alcaldes de la regi\u00f3n Lerma-Chapala manifestaron su inter\u00e9s en acercar a los habitantes de sus municipios los servicios educativos que ofrece la Univim, destac\u00f3 la rectora, Silvia Mendoza Valenzuela.<\/p>\n","protected":false},"author":1,"featured_media":20916,"comment_status":"open","ping_status":"open","sticky":false,"template":"","format":"standard","meta":{"footnotes":""},"categories":[14,3],"tags":[],"class_list":["post-20915","post","type-post","status-publish","format-standard","has-post-thumbnail","hentry","category-destacadas","category-gobierno-del-estado-de-michoacan"],"_links":{"self":[{"href":"https:\/\/radiowebmx.com\/nota\/wp-json\/wp\/v2\/posts\/20915","targetHints":{"allow":["GET"]}}],"collection":[{"href":"https:\/\/radiowebmx.com\/nota\/wp-json\/wp\/v2\/posts"}],"about":[{"href":"https:\/\/radiowebmx.com\/nota\/wp-json\/wp\/v2\/types\/post"}],"author":[{"embeddable":true,"href":"https:\/\/radiowebmx.com\/nota\/wp-json\/wp\/v2\/users\/1"}],"replies":[{"embeddable":true,"href":"https:\/\/radiowebmx.com\/nota\/wp-json\/wp\/v2\/comments?post=20915"}],"version-history":[{"count":1,"href":"https:\/\/radiowebmx.com\/nota\/wp-json\/wp\/v2\/posts\/20915\/revisions"}],"predecessor-version":[{"id":20917,"href":"https:\/\/radiowebmx.com\/nota\/wp-json\/wp\/v2\/posts\/20915\/revisions\/20917"}],"wp:featuredmedia":[{"embeddable":true,"href":"https:\/\/radiowebmx.com\/nota\/wp-json\/wp\/v2\/media\/20916"}],"wp:attachment":[{"href":"https:\/\/radiowebmx.com\/nota\/wp-json\/wp\/v2\/media?parent=20915"}],"wp:term":[{"taxonomy":"category","embeddable":true,"href":"https:\/\/radiowebmx.com\/nota\/wp-json\/wp\/v2\/categories?post=20915"},{"taxonomy":"post_tag","embeddable":true,"href":"https:\/\/radiowebmx.com\/nota\/wp-json\/wp\/v2\/tags?post=20915"}],"curies":[{"name":"wp","href":"https:\/\/api.w.org\/{rel}","templated":true}]}}