{"id":20911,"date":"2016-01-14T11:48:42","date_gmt":"2016-01-14T17:48:42","guid":{"rendered":"https:\/\/radiowebmx.com\/nota\/?p=20911"},"modified":"2016-01-14T11:48:58","modified_gmt":"2016-01-14T17:48:58","slug":"recibe-alfonso-martinez-reconocimiento-para-morelia-como-el-municipio-mas-limpio-del-pais","status":"publish","type":"post","link":"https:\/\/radiowebmx.com\/nota\/recibe-alfonso-martinez-reconocimiento-para-morelia-como-el-municipio-mas-limpio-del-pais\/","title":{"rendered":"Recibe Alfonso Mart\u00ednez reconocimiento para Morelia como el municipio m\u00e1s limpio del pa\u00eds"},"content":{"rendered":"<p><a href=\"https:\/\/radiowebmx.com\/nota\/wp-content\/uploads\/2016\/01\/9a33d5d5-2405-4b6b-9d9f-06ae315daef3.jpg\"><img loading=\"lazy\" decoding=\"async\" class=\"alignleft size-full wp-image-20912\" src=\"https:\/\/radiowebmx.com\/nota\/wp-content\/uploads\/2016\/01\/9a33d5d5-2405-4b6b-9d9f-06ae315daef3.jpg\" alt=\"9a33d5d5-2405-4b6b-9d9f-06ae315daef3\" width=\"591\" height=\"393\" srcset=\"https:\/\/radiowebmx.com\/nota\/wp-content\/uploads\/2016\/01\/9a33d5d5-2405-4b6b-9d9f-06ae315daef3.jpg 591w, https:\/\/radiowebmx.com\/nota\/wp-content\/uploads\/2016\/01\/9a33d5d5-2405-4b6b-9d9f-06ae315daef3-300x199.jpg 300w\" sizes=\"auto, (max-width: 591px) 100vw, 591px\" \/><\/a>El Presidente Municipal de Morelia, Alfonso Mart\u00ednez Alc\u00e1zar, recibir\u00e1 al mediod\u00eda de este jueves, el reconocimiento \u201cJumil de Oro 2015\u201d al consagrarse como el municipio m\u00e1s limpio del pa\u00eds, con lo que el Ayuntamiento capitalino refrenda su compromiso con la implementaci\u00f3n de acciones que promuevan una ciudad libre de basura y el adecuado tratamiento de residuos.<\/p>\n<p>Es de resaltar que la pol\u00edtica ambiental representa una de las prioridades del Alcalde Alfonso Mart\u00ednez Alc\u00e1zar. Muestra de ello, fue que a tan s\u00f3lo unos d\u00edas de tomar posesi\u00f3n del cargo, el jefe de la comuna moreliana, encabez\u00f3 en el mes de septiembre de 2015, la jornada de Limpieza en el Manantial de la Mintizita, en donde acompa\u00f1ado por integrantes del Cabildo y por miembros de su Gabinete, se pronunci\u00f3 a favor de promover pol\u00edticas p\u00fablicas que garanticen el cuidado de los ecosistemas.<\/p>\n<p>En este tenor, el Presidente Municipal subray\u00f3 que la participaci\u00f3n ciudadana juega un papel fundamental para mantener una ciudad limpia, toda vez que en la medida que los habitantes tomen conciencia y eviten tirar basura en las calles, \u201cjuntos lograremos tener un municipio limpio y libre de problemas derivados por la acumulaci\u00f3n de residuos s\u00f3lidos\u201d.<\/p>\n<p>El Jumil de Oro es un premio que se desprende del Concurso \u201cCiudades m\u00e1s limpias de M\u00e9xico\u201d lanzado a trav\u00e9s del proyecto \u201cLimpiemos Nuestro M\u00e9xico\u201d de Fundaci\u00f3n Azteca, cuyo objetivo es concientizar sobre la problem\u00e1tica de la basura en el entorno urbano as\u00ed como su efecto en el medio ambiente y el da\u00f1o que implica en t\u00e9rminos de salud p\u00fablica.<\/p>\n<p>La premiaci\u00f3n se llevar\u00e1 a cabo en punto de las 11:00 horas en la Ciudad de M\u00e9xico;\u00a0 evento en el que Morelia recibir\u00e1, junto con los municipios de Durango y Ciudad Ju\u00e1rez, el\u00a0 galard\u00f3n \u201cJumil de Oro 2015\u201d de manos del Secretario de Medio Ambiente y Recursos Naturales, Rafael Pacchiano Alam\u00e1n.<\/p>\n","protected":false},"excerpt":{"rendered":"<p>El Presidente Municipal de Morelia, Alfonso Mart\u00ednez Alc\u00e1zar, recibir\u00e1 al mediod\u00eda de este jueves, el reconocimiento \u201cJumil de Oro 2015\u201d al consagrarse como el municipio m\u00e1s limpio del pa\u00eds, <\/p>\n","protected":false},"author":1,"featured_media":20912,"comment_status":"open","ping_status":"open","sticky":false,"template":"","format":"standard","meta":{"footnotes":""},"categories":[14,9],"tags":[],"class_list":["post-20911","post","type-post","status-publish","format-standard","has-post-thumbnail","hentry","category-destacadas","category-morelia"],"_links":{"self":[{"href":"https:\/\/radiowebmx.com\/nota\/wp-json\/wp\/v2\/posts\/20911","targetHints":{"allow":["GET"]}}],"collection":[{"href":"https:\/\/radiowebmx.com\/nota\/wp-json\/wp\/v2\/posts"}],"about":[{"href":"https:\/\/radiowebmx.com\/nota\/wp-json\/wp\/v2\/types\/post"}],"author":[{"embeddable":true,"href":"https:\/\/radiowebmx.com\/nota\/wp-json\/wp\/v2\/users\/1"}],"replies":[{"embeddable":true,"href":"https:\/\/radiowebmx.com\/nota\/wp-json\/wp\/v2\/comments?post=20911"}],"version-history":[{"count":2,"href":"https:\/\/radiowebmx.com\/nota\/wp-json\/wp\/v2\/posts\/20911\/revisions"}],"predecessor-version":[{"id":20914,"href":"https:\/\/radiowebmx.com\/nota\/wp-json\/wp\/v2\/posts\/20911\/revisions\/20914"}],"wp:featuredmedia":[{"embeddable":true,"href":"https:\/\/radiowebmx.com\/nota\/wp-json\/wp\/v2\/media\/20912"}],"wp:attachment":[{"href":"https:\/\/radiowebmx.com\/nota\/wp-json\/wp\/v2\/media?parent=20911"}],"wp:term":[{"taxonomy":"category","embeddable":true,"href":"https:\/\/radiowebmx.com\/nota\/wp-json\/wp\/v2\/categories?post=20911"},{"taxonomy":"post_tag","embeddable":true,"href":"https:\/\/radiowebmx.com\/nota\/wp-json\/wp\/v2\/tags?post=20911"}],"curies":[{"name":"wp","href":"https:\/\/api.w.org\/{rel}","templated":true}]}}