{"id":20897,"date":"2016-01-14T11:31:53","date_gmt":"2016-01-14T17:31:53","guid":{"rendered":"https:\/\/radiowebmx.com\/nota\/?p=20897"},"modified":"2016-01-14T11:31:53","modified_gmt":"2016-01-14T17:31:53","slug":"sedetum-brinda-asesoria-tecnica-para-proyectos-estrategicos-en-la-region-tierra-caliente","status":"publish","type":"post","link":"https:\/\/radiowebmx.com\/nota\/sedetum-brinda-asesoria-tecnica-para-proyectos-estrategicos-en-la-region-tierra-caliente\/","title":{"rendered":"SEDETUM brinda asesor\u00eda t\u00e9cnica para proyectos estrat\u00e9gicos en la regi\u00f3n Tierra Caliente"},"content":{"rendered":"<p><a href=\"https:\/\/radiowebmx.com\/nota\/wp-content\/uploads\/2016\/01\/cb62c11d-0594-4dab-b3bb-073b59c9f422.jpg\"><img loading=\"lazy\" decoding=\"async\" class=\"alignleft size-full wp-image-20898\" src=\"https:\/\/radiowebmx.com\/nota\/wp-content\/uploads\/2016\/01\/cb62c11d-0594-4dab-b3bb-073b59c9f422.jpg\" alt=\"cb62c11d-0594-4dab-b3bb-073b59c9f422\" width=\"591\" height=\"300\" srcset=\"https:\/\/radiowebmx.com\/nota\/wp-content\/uploads\/2016\/01\/cb62c11d-0594-4dab-b3bb-073b59c9f422.jpg 591w, https:\/\/radiowebmx.com\/nota\/wp-content\/uploads\/2016\/01\/cb62c11d-0594-4dab-b3bb-073b59c9f422-300x152.jpg 300w\" sizes=\"auto, (max-width: 591px) 100vw, 591px\" \/><\/a>Como parte de la estrategia que despliega la Secretar\u00eda de Desarrollo Territorial, Urbano y Movilidad (SEDETUM), para brindar asesor\u00eda t\u00e9cnica a los ayuntamientos en sus proyectos prioritarios, el encargado de la dependencia, Sergio Adem Argueta, sostuvo un encuentro con autoridades municipales de Car\u00e1cuaro y Huetamo.<\/p>\n<p>El funcionario tambi\u00e9n estuvo presente en la reuni\u00f3n de instalaci\u00f3n del Enlace del Gobierno de la Rep\u00fablica en la regi\u00f3n VIII correspondiente a la Tierra Caliente, por medio del cual se fortalecer\u00e1n los v\u00ednculos entre los tres \u00f3rdenes de gobierno para impulsar acciones tendientes a mejorar la calidad de vida de las y los ciudadanos.<\/p>\n<p>En este marco, el titular de la SEDETUM, Sergio Adem, precis\u00f3 que desde su arribo a la dependencia se ha dado a la tarea de recorrer las diferentes zonas de la entidad con el objetivo de brindar asesor\u00eda t\u00e9cnica y acompa\u00f1amiento en proyectos estrat\u00e9gicos para los ayuntamientos michoacanos, por lo que invit\u00f3 a las y los alcaldes a trabajar conjuntamente en la elaboraci\u00f3n y aplicaci\u00f3n de los instrumentos de planeaci\u00f3n, lo cuales dijo, son fundamentales para generar programas de prosperidad urbana.<\/p>\n<p>Se\u00f1al\u00f3 que para el Gobernador del Estado, Silvano Aureoles Conejo, la colaboraci\u00f3n entre la Federaci\u00f3n, el estado y los municipios ha sido una prioridad por lo que reiter\u00f3 la convicci\u00f3n de trabajar con los ayuntamientos para impulsar proyectos de impacto regional.<\/p>\n<p>En su turno, el delegado de la SEDATU en la entidad, Alfredo Fern\u00e1ndez Peri, quien fungir\u00e1 como Enlace del Gobierno de la Rep\u00fablica para esta regi\u00f3n del estado, coment\u00f3 que \u00e9sta es una estrategia piloto que se implementa en Michoac\u00e1n, con el objetivo de poder coordinar esfuerzos entre los tres niveles de gobierno para juntos cumplir con los compromisos que hace el presidente de M\u00e9xico, Enrique Pe\u00f1a Nieto.<\/p>\n<p>\u201cCreo que si estamos alineados el gobierno municipal, con el gobierno estatal y el gobierno federal como lo estamos ahora, creo sin lugar a duda podremos llevarle muchos beneficios a la sociedad que cada uno de ustedes representa\u201d.<\/p>\n<p>El alcalde de Huetamo, El\u00edas Ibarra Torres, destac\u00f3 la importancia de la instalaci\u00f3n del Enlace del Gobierno de la Rep\u00fablica en la regi\u00f3n terracalente\u00f1a, tras enfatizar que la coordinaci\u00f3n de esfuerzos y sinergias entre las delegaciones federales, las dependencias estatales y los ayuntamientos es necesaria.<\/p>\n<p>Por su parte, el alcalde de Car\u00e1cuaro, Walter G\u00f3mez Guti\u00e9rrez, se congratul\u00f3 por la presencia de los funcionarios que asistieron al encuentro, lo que dijo es muestra del apoyo de la administraci\u00f3n estatal. \u201cPara m\u00ed y para el pueblo tiene much\u00edsima importancia porque realmente veo el inter\u00e9s de nuestro Gobernador en ayudar al municipio\u201d.<\/p>\n<p>Cabe se\u00f1alar que ambos ediles plantearon los proyectos prioritarios de sus respectivos ayuntamientos. Durante la gira de trabajo el encargado de la SEDETUM, Sergio Adem, estuvo acompa\u00f1ado por funcionarios de diversas \u00e1reas de la dependencia quienes desarrollaron trabajo de campo para conocer las necesidades y revisar los proyectos de manera directa.<\/p>\n<p>Al encuentro con motivo de la instalaci\u00f3n del Enlace del Gobierno de la Rep\u00fablica para la regi\u00f3n Tierra Caliente tambi\u00e9n asisti\u00f3 la diputada local, Rosal\u00eda Miranda Ar\u00e9valo; el legislador local, Juan Bernardo Corona Mart\u00ednez; el delegado regional Forestal en la Tierra Caliente de la Comisi\u00f3n Forestal del estado, Sergio Amezcua Cruzaley; delegados federales de diversas instancias del Gobierno de la Rep\u00fablica, y autoridades municipales de los ayuntamientos de San Lucas, Nocup\u00e9taro, Car\u00e1cuaro, Huetamo y Nocup\u00e9taro.<\/p>\n","protected":false},"excerpt":{"rendered":"<p>Como parte de la estrategia que despliega la SEDETUM, para brindar asesor\u00eda t\u00e9cnica a los ayuntamientos en sus proyectos prioritarios, el encargado de la dependencia, <\/p>\n","protected":false},"author":1,"featured_media":20898,"comment_status":"open","ping_status":"open","sticky":false,"template":"","format":"standard","meta":{"footnotes":""},"categories":[14,3],"tags":[],"class_list":["post-20897","post","type-post","status-publish","format-standard","has-post-thumbnail","hentry","category-destacadas","category-gobierno-del-estado-de-michoacan"],"_links":{"self":[{"href":"https:\/\/radiowebmx.com\/nota\/wp-json\/wp\/v2\/posts\/20897","targetHints":{"allow":["GET"]}}],"collection":[{"href":"https:\/\/radiowebmx.com\/nota\/wp-json\/wp\/v2\/posts"}],"about":[{"href":"https:\/\/radiowebmx.com\/nota\/wp-json\/wp\/v2\/types\/post"}],"author":[{"embeddable":true,"href":"https:\/\/radiowebmx.com\/nota\/wp-json\/wp\/v2\/users\/1"}],"replies":[{"embeddable":true,"href":"https:\/\/radiowebmx.com\/nota\/wp-json\/wp\/v2\/comments?post=20897"}],"version-history":[{"count":1,"href":"https:\/\/radiowebmx.com\/nota\/wp-json\/wp\/v2\/posts\/20897\/revisions"}],"predecessor-version":[{"id":20899,"href":"https:\/\/radiowebmx.com\/nota\/wp-json\/wp\/v2\/posts\/20897\/revisions\/20899"}],"wp:featuredmedia":[{"embeddable":true,"href":"https:\/\/radiowebmx.com\/nota\/wp-json\/wp\/v2\/media\/20898"}],"wp:attachment":[{"href":"https:\/\/radiowebmx.com\/nota\/wp-json\/wp\/v2\/media?parent=20897"}],"wp:term":[{"taxonomy":"category","embeddable":true,"href":"https:\/\/radiowebmx.com\/nota\/wp-json\/wp\/v2\/categories?post=20897"},{"taxonomy":"post_tag","embeddable":true,"href":"https:\/\/radiowebmx.com\/nota\/wp-json\/wp\/v2\/tags?post=20897"}],"curies":[{"name":"wp","href":"https:\/\/api.w.org\/{rel}","templated":true}]}}