{"id":20894,"date":"2016-01-14T11:29:17","date_gmt":"2016-01-14T17:29:17","guid":{"rendered":"https:\/\/radiowebmx.com\/nota\/?p=20894"},"modified":"2016-01-14T11:29:17","modified_gmt":"2016-01-14T17:29:17","slug":"participa-silvano-aureoles-en-conago-para-atender-asuntos-de-seguridad","status":"publish","type":"post","link":"https:\/\/radiowebmx.com\/nota\/participa-silvano-aureoles-en-conago-para-atender-asuntos-de-seguridad\/","title":{"rendered":"Participa Silvano Aureoles en Conago para atender asuntos de seguridad"},"content":{"rendered":"<p><a href=\"https:\/\/radiowebmx.com\/nota\/wp-content\/uploads\/2016\/01\/b83d4243-a912-428e-9c9c-52d7bf21ed31.jpg\"><img loading=\"lazy\" decoding=\"async\" class=\"alignleft size-full wp-image-20895\" src=\"https:\/\/radiowebmx.com\/nota\/wp-content\/uploads\/2016\/01\/b83d4243-a912-428e-9c9c-52d7bf21ed31.jpg\" alt=\"b83d4243-a912-428e-9c9c-52d7bf21ed31\" width=\"591\" height=\"278\" srcset=\"https:\/\/radiowebmx.com\/nota\/wp-content\/uploads\/2016\/01\/b83d4243-a912-428e-9c9c-52d7bf21ed31.jpg 591w, https:\/\/radiowebmx.com\/nota\/wp-content\/uploads\/2016\/01\/b83d4243-a912-428e-9c9c-52d7bf21ed31-300x141.jpg 300w\" sizes=\"auto, (max-width: 591px) 100vw, 591px\" \/><\/a>El titular del poder Ejecutivo de Michoac\u00e1n, Silvano Aureoles Conejo, acudi\u00f3 la tarde de este mi\u00e9rcoles a la reuni\u00f3n de la Conferencia Nacional de Gobernadores (Conago) en Toluca, en la cual se dieron seguimiento a temas en materia de seguridad en el pa\u00eds.<\/p>\n<p>En la conferencia de prensa, al final del encuentro, los gobernadores hicieron un pronunciamiento para felicitar al Presidente de la Rep\u00fablica, Enrique Pe\u00f1a Nieto, y al secretario de Gobernaci\u00f3n, Miguel \u00c1ngel Osorio Chong, por la captura del narcotraficante Joaqu\u00edn Guzm\u00e1n Loera.<\/p>\n<p>Asimismo, los mandatarios estatales del pa\u00eds, acordaron hacer un llamado al Poder Legislativo Federal\u00a0 para destrabar la ley concerniente al Mando \u00danico Policial.<\/p>\n<p>Es importante se\u00f1alar que los acuerdos signados por los integrantes de la Conago, ser\u00e1n dados a conocer por el secretario de Gobernaci\u00f3n, Miguel \u00c1ngel Osorio Chong, en coordinaci\u00f3n con el presidente de la Conferencia Nacional de Gobernadores, Eruviel \u00c1vila Villegas.<\/p>\n","protected":false},"excerpt":{"rendered":"<p>El titular del poder Ejecutivo de Michoac\u00e1n, Silvano Aureoles Conejo, acudi\u00f3 la tarde de este mi\u00e9rcoles a la reuni\u00f3n de la Conago en Toluca, en la cual se dieron seguimiento a temas en materia de seguridad en el pa\u00eds.<\/p>\n","protected":false},"author":1,"featured_media":20895,"comment_status":"open","ping_status":"open","sticky":false,"template":"","format":"standard","meta":{"footnotes":""},"categories":[14,3],"tags":[],"class_list":["post-20894","post","type-post","status-publish","format-standard","has-post-thumbnail","hentry","category-destacadas","category-gobierno-del-estado-de-michoacan"],"_links":{"self":[{"href":"https:\/\/radiowebmx.com\/nota\/wp-json\/wp\/v2\/posts\/20894","targetHints":{"allow":["GET"]}}],"collection":[{"href":"https:\/\/radiowebmx.com\/nota\/wp-json\/wp\/v2\/posts"}],"about":[{"href":"https:\/\/radiowebmx.com\/nota\/wp-json\/wp\/v2\/types\/post"}],"author":[{"embeddable":true,"href":"https:\/\/radiowebmx.com\/nota\/wp-json\/wp\/v2\/users\/1"}],"replies":[{"embeddable":true,"href":"https:\/\/radiowebmx.com\/nota\/wp-json\/wp\/v2\/comments?post=20894"}],"version-history":[{"count":1,"href":"https:\/\/radiowebmx.com\/nota\/wp-json\/wp\/v2\/posts\/20894\/revisions"}],"predecessor-version":[{"id":20896,"href":"https:\/\/radiowebmx.com\/nota\/wp-json\/wp\/v2\/posts\/20894\/revisions\/20896"}],"wp:featuredmedia":[{"embeddable":true,"href":"https:\/\/radiowebmx.com\/nota\/wp-json\/wp\/v2\/media\/20895"}],"wp:attachment":[{"href":"https:\/\/radiowebmx.com\/nota\/wp-json\/wp\/v2\/media?parent=20894"}],"wp:term":[{"taxonomy":"category","embeddable":true,"href":"https:\/\/radiowebmx.com\/nota\/wp-json\/wp\/v2\/categories?post=20894"},{"taxonomy":"post_tag","embeddable":true,"href":"https:\/\/radiowebmx.com\/nota\/wp-json\/wp\/v2\/tags?post=20894"}],"curies":[{"name":"wp","href":"https:\/\/api.w.org\/{rel}","templated":true}]}}