{"id":20888,"date":"2016-01-14T11:18:43","date_gmt":"2016-01-14T17:18:43","guid":{"rendered":"https:\/\/radiowebmx.com\/nota\/?p=20888"},"modified":"2016-01-14T11:18:43","modified_gmt":"2016-01-14T17:18:43","slug":"cecufid-y-asociaciones-deportivas-refrendan-su-compromiso-para-trabajar-en-equipo","status":"publish","type":"post","link":"https:\/\/radiowebmx.com\/nota\/cecufid-y-asociaciones-deportivas-refrendan-su-compromiso-para-trabajar-en-equipo\/","title":{"rendered":"Cecufid y asociaciones deportivas refrendan su compromiso para trabajar en equipo"},"content":{"rendered":"<p>Funcionarios de la Comisi\u00f3n Estatal de Cultura F\u00edsica y Deporte (Cecufid) se reunieron con representantes de las asociaciones deportivas de la entidad, de cara a lo que ser\u00e1 el nuevo proceso selectivo rumbo a la Olimpiada Nacional 2016, el m\u00e1ximo escaparate deportivo en el pa\u00eds en el \u00e1mbito amateur.<\/p>\n<p>El Gobierno del Estado, encabezado por Silvano Aureoles Conejo, es consciente de las necesidades de los deportistas, quienes dignamente representan a Michoac\u00e1n en competencias tanto nacionales como internacionales; por ende, la directora general de la Cecufid, Edna D\u00edaz Acevedo, instruy\u00f3 al personal del Departamento de Deporte Selectivo a que convocaran a un encuentro a los representantes de las asociaciones deportivas del estado.<\/p>\n<p>La reuni\u00f3n realizada en las instalaciones de la Cecufid fue encabezada por el jefe del Departamento de Deporte Selectivo y Estudiantil, Hugo Barojas Reyes, quien explic\u00f3 que el objetivo fue dar a conocer el procedimiento para la Olimpiada Nacional y el Nacional Juvenil 2016.<\/p>\n<p>\u201cEl hecho de que hayan asistido 19 representantes de asociaciones deportivas es muy significativo para nosotros como Cecufid, pero sabemos que debemos comunicarnos como el resto de los presidentes porque debemos lanzar la convocatoria lo antes posible para los dos eventos\u201d, indic\u00f3 Barojas Reyes.<\/p>\n<p>Para este a\u00f1o, la Comisi\u00f3n Nacional de Cultura F\u00edsica y Deporte (Conade) cambi\u00f3 el formato y ahora realizar\u00e1 dos eventos masivos: la Olimpiada Nacional 2016, con sede en Chihuahua, que abarcar\u00e1 las categor\u00edas 12-13 a\u00f1os, 14-15 a\u00f1os y 16-17 a\u00f1os de edad, y que se llevar\u00e1 a cabo durante los meses de julio y agosto.<\/p>\n<p>El Nacional 2016 a\u00fan no tiene sede, pero se efectuar\u00e1 entre mayo y junio; las categor\u00edas son de los 18 a los 20 a\u00f1os de edad.<\/p>\n<p>Durante la reuni\u00f3n tambi\u00e9n se explic\u00f3 que la Conade reclasific\u00f3 los deportes y los categoriz\u00f3 como prioritarios, perspectiva mediano plazo y en desarrollo. En el primer rubro est\u00e1n el atletismo, boxeo, ciclismo, clavados, esgrima, futbol, levantamiento de pesas, nataci\u00f3n, raquetbol, tiro con arco, taekwondo, triatl\u00f3n y voleibol de playa.<\/p>\n<p>En la categor\u00eda de mediano plazo se ubican 13 disciplinas: baloncesto, canotaje, front\u00f3n, gimnasia art\u00edstica, gimnasia trampol\u00edn, judo, luchas; nado sincronizado, patines sobre ruedas, pentatl\u00f3n moderno, squash, tiro deportivo y voleibol.<\/p>\n<p>Los deportes en desarrollo son: aguas abiertas, ajedrez, b\u00e1dminton, b\u00e9isbol, boliche, gimnasia r\u00edtmica, handball, hockey sobre pasto, karate, polo acu\u00e1tico, remo, rugby, softbol, tenis, tenis de mesa y vela.<\/p>\n<p>\u201cLa conclusi\u00f3n del encuentro fue buena, porque el hecho de que las asociaciones deportivas hayan aceptado colaborar con la Cecufid es muy importante; adem\u00e1s, se comprometieron a entregar la convocatoria a m\u00e1s tardar la siguiente semana. El objetivo se logr\u00f3, porque saben que si trabajamos en conjunto vamos a lograr cosas importantes\u201d, subray\u00f3 Barojas Reyes.<\/p>\n<p>Por \u00faltimo, destac\u00f3 que los trabajos avanzan de acuerdo a lo planeado y adelant\u00f3 en los pr\u00f3ximos d\u00edas se dar\u00e1 a conocer de manera la convocatoria oficial para participar en ambos eventos, puesto que entre los meses de febrero y marzo se desarrollar\u00e1 el selectivo estatal; posteriormente los regionales -que a\u00fan no tienen sede-, mientras que la etapa nacional ser\u00e1 entre julio y agosto.<\/p>\n<p>A la reuni\u00f3n acudieron presidentes, secretarios o tesoreros de 19 de las 34 asociaciones deportivas que tienen representaci\u00f3n en Olimpiada Nacional, entre ellas la de atletismo, basquetbol, taekwondo, voleibol, futbol, karate, patines sobre ruedas, nataci\u00f3n, raquetbol, judo, boxeo, squash, front\u00f3n, adem\u00e1s de par\u00e1lisis cerebral y deportistas sobre silla de ruedas, as\u00ed como clubes unidos de ajedrez, entre otros.<\/p>\n","protected":false},"excerpt":{"rendered":"<p>Funcionarios de la Cecufid se reunieron con representantes de las asociaciones deportivas de la entidad, de cara a lo que ser\u00e1 el nuevo proceso selectivo rumbo a la Olimpiada Nacional 2016, <\/p>\n","protected":false},"author":1,"featured_media":20889,"comment_status":"open","ping_status":"open","sticky":false,"template":"","format":"standard","meta":{"footnotes":""},"categories":[14,3],"tags":[],"class_list":["post-20888","post","type-post","status-publish","format-standard","has-post-thumbnail","hentry","category-destacadas","category-gobierno-del-estado-de-michoacan"],"_links":{"self":[{"href":"https:\/\/radiowebmx.com\/nota\/wp-json\/wp\/v2\/posts\/20888","targetHints":{"allow":["GET"]}}],"collection":[{"href":"https:\/\/radiowebmx.com\/nota\/wp-json\/wp\/v2\/posts"}],"about":[{"href":"https:\/\/radiowebmx.com\/nota\/wp-json\/wp\/v2\/types\/post"}],"author":[{"embeddable":true,"href":"https:\/\/radiowebmx.com\/nota\/wp-json\/wp\/v2\/users\/1"}],"replies":[{"embeddable":true,"href":"https:\/\/radiowebmx.com\/nota\/wp-json\/wp\/v2\/comments?post=20888"}],"version-history":[{"count":1,"href":"https:\/\/radiowebmx.com\/nota\/wp-json\/wp\/v2\/posts\/20888\/revisions"}],"predecessor-version":[{"id":20890,"href":"https:\/\/radiowebmx.com\/nota\/wp-json\/wp\/v2\/posts\/20888\/revisions\/20890"}],"wp:featuredmedia":[{"embeddable":true,"href":"https:\/\/radiowebmx.com\/nota\/wp-json\/wp\/v2\/media\/20889"}],"wp:attachment":[{"href":"https:\/\/radiowebmx.com\/nota\/wp-json\/wp\/v2\/media?parent=20888"}],"wp:term":[{"taxonomy":"category","embeddable":true,"href":"https:\/\/radiowebmx.com\/nota\/wp-json\/wp\/v2\/categories?post=20888"},{"taxonomy":"post_tag","embeddable":true,"href":"https:\/\/radiowebmx.com\/nota\/wp-json\/wp\/v2\/tags?post=20888"}],"curies":[{"name":"wp","href":"https:\/\/api.w.org\/{rel}","templated":true}]}}